{"id":267615,"date":"2026-09-03T13:23:14","date_gmt":"2026-09-03T13:23:14","guid":{"rendered":"https:\/\/www.europesays.com\/ee\/267615\/"},"modified":"2026-09-03T13:23:14","modified_gmt":"2026-09-03T13:23:14","slug":"suvel-oli-saaremaal-13-vandalismijuhtumit-loviosa-neist-juulis","status":"publish","type":"post","link":"https:\/\/www.europesays.com\/ee\/267615\/","title":{"rendered":"Suvel oli Saaremaal 13 vandalismijuhtumit, l\u00f5viosa neist juulis"},"content":{"rendered":"<p class=\"MsoNormal\">Kuressaare politseijaoskonna piirkonnagrupi juhi Minna Rauna s\u00f5nul registreeriti 1. juunist kuni 31. augustini Saare maakonnas 13 vandalismiga seotud juhtumit. Juunis ja augustis oli neid kaks, juulis aga \u00fcheksa.<\/p>\n<p class=\"MsoNormal\">Viis tegu pandi toime avalikus ruumis. N\u00e4iteks soditi K\u00e4rla pargis k\u00f5lakoja seina, l\u00f5huti pargikioski aknaklaase ning vandaalitseti \u00dcru bussipeatuses.<\/p>\n","protected":false},"excerpt":{"rendered":"Kuressaare politseijaoskonna piirkonnagrupi juhi Minna Rauna s\u00f5nul registreeriti 1. juunist kuni 31. augustini Saare maakonnas 13 vandalismiga seotud&hellip;\n","protected":false},"author":2,"featured_media":267616,"comment_status":"","ping_status":"","sticky":false,"template":"","format":"standard","meta":{"footnotes":"","_share_on_mastodon":"0"},"categories":[12],"tags":[14960,20730,26,27,37,33,35,103616,34,36,31,32,21,103618,51888,456,5389,28,29,19,353,25,7247,103617,23,24,22,100896,20,7408,28123,30],"class_list":["post-267615","post","type-post","status-publish","format-standard","has-post-thumbnail","category-eesti","tag-alaealised","tag-avalik-ruum","tag-breaking-news","tag-breakingnews","tag-ee","tag-eesti","tag-eesti-keel","tag-eramukrunt","tag-estonia","tag-estonian","tag-featured-news","tag-featurednews","tag-headlines","tag-kambavaim","tag-karla","tag-kuressaare","tag-lapsevanemad","tag-latest-news","tag-latestnews","tag-news","tag-politsei","tag-populaarseimad-lood","tag-saare-maakond","tag-soidukikahjustus","tag-top-stories","tag-topstories","tag-uldised-uudised","tag-uru","tag-uudised","tag-vandalism","tag-varaline-kahju","tag-viimased-uudised"],"share_on_mastodon":{"url":"https:\/\/pubeurope.com\/@ee\/117207328617584622","error":""},"_links":{"self":[{"href":"https:\/\/www.europesays.com\/ee\/wp-json\/wp\/v2\/posts\/267615","targetHints":{"allow":["GET"]}}],"collection":[{"href":"https:\/\/www.europesays.com\/ee\/wp-json\/wp\/v2\/posts"}],"about":[{"href":"https:\/\/www.europesays.com\/ee\/wp-json\/wp\/v2\/types\/post"}],"author":[{"embeddable":true,"href":"https:\/\/www.europesays.com\/ee\/wp-json\/wp\/v2\/users\/2"}],"replies":[{"embeddable":true,"href":"https:\/\/www.europesays.com\/ee\/wp-json\/wp\/v2\/comments?post=267615"}],"version-history":[{"count":0,"href":"https:\/\/www.europesays.com\/ee\/wp-json\/wp\/v2\/posts\/267615\/revisions"}],"wp:featuredmedia":[{"embeddable":true,"href":"https:\/\/www.europesays.com\/ee\/wp-json\/wp\/v2\/media\/267616"}],"wp:attachment":[{"href":"https:\/\/www.europesays.com\/ee\/wp-json\/wp\/v2\/media?parent=267615"}],"wp:term":[{"taxonomy":"category","embeddable":true,"href":"https:\/\/www.europesays.com\/ee\/wp-json\/wp\/v2\/categories?post=267615"},{"taxonomy":"post_tag","embeddable":true,"href":"https:\/\/www.europesays.com\/ee\/wp-json\/wp\/v2\/tags?post=267615"}],"curies":[{"name":"wp","href":"https:\/\/api.w.org\/{rel}","templated":true}]}}