{"id":267627,"date":"2026-09-03T13:41:14","date_gmt":"2026-09-03T13:41:14","guid":{"rendered":"https:\/\/www.europesays.com\/ee\/267627\/"},"modified":"2026-09-03T13:41:14","modified_gmt":"2026-09-03T13:41:14","slug":"dolly-parton-armastas-raamatuid-sama-palju-kui-muusikat-ma-loen-koike-millele-kaed-kulge-saan","status":"publish","type":"post","link":"https:\/\/www.europesays.com\/ee\/267627\/","title":{"rendered":"Dolly Parton armastas raamatuid sama palju kui muusikat: \u00abMa loen k\u00f5ike, millele k\u00e4ed k\u00fclge saan!\u00bb"},"content":{"rendered":"<p>\u00abMa arvan, et loen aastas v\u00e4hemalt umbes 50 raamatut,\u00bb r\u00e4\u00e4kis Parton 2019. aastal Jenna Bush Hageri taskuh\u00e4\u00e4lingus. Lugemiseks leidis ta aega ka siis, kui seda justkui polnudki. \u00abKui ma keset \u00f6\u00f6d \u00fcles \u00e4rkan, siis ma loen. Ma loen end magama. Ma ei vaata eriti palju televiisorit, ma eelistan lugeda! Ma loen k\u00f5ike, aga eriti meeldib mulle ajalooline ilukirjandus.\u00bb<\/p>\n","protected":false},"excerpt":{"rendered":"\u00abMa arvan, et loen aastas v\u00e4hemalt umbes 50 raamatut,\u00bb r\u00e4\u00e4kis Parton 2019. aastal Jenna Bush Hageri taskuh\u00e4\u00e4lingus. Lugemiseks&hellip;\n","protected":false},"author":2,"featured_media":267628,"comment_status":"","ping_status":"","sticky":false,"template":"","format":"standard","meta":{"footnotes":"","_share_on_mastodon":"0"},"categories":[16],"tags":[103627,103626,103619,103621,103622,5716,37,33,35,173,34,36,102571,51281,6540,22199,103624,52124,4322,13260,140,103620,103623,103625],"class_list":["post-267627","post","type-post","status-publish","format-standard","has-post-thumbnail","category-meelelahutus","tag-abi-dare","tag-adriana-trigiani","tag-ajalooline-ilukirjandus","tag-alexandre-dumas","tag-ann-napolitano","tag-dolly-parton","tag-ee","tag-eesti","tag-eesti-keel","tag-entertainment","tag-estonia","tag-estonian","tag-imagination-library","tag-john-steinbeck","tag-kirjaoskus","tag-lasteraamatud","tag-lee-smith","tag-lugemisharjumused","tag-lugemissoovitus","tag-lugemissoovitused","tag-meelelahutus","tag-paberraamat","tag-sara-gruen","tag-watty-piper"],"share_on_mastodon":{"url":"https:\/\/pubeurope.com\/@ee\/117207399644409628","error":""},"_links":{"self":[{"href":"https:\/\/www.europesays.com\/ee\/wp-json\/wp\/v2\/posts\/267627","targetHints":{"allow":["GET"]}}],"collection":[{"href":"https:\/\/www.europesays.com\/ee\/wp-json\/wp\/v2\/posts"}],"about":[{"href":"https:\/\/www.europesays.com\/ee\/wp-json\/wp\/v2\/types\/post"}],"author":[{"embeddable":true,"href":"https:\/\/www.europesays.com\/ee\/wp-json\/wp\/v2\/users\/2"}],"replies":[{"embeddable":true,"href":"https:\/\/www.europesays.com\/ee\/wp-json\/wp\/v2\/comments?post=267627"}],"version-history":[{"count":0,"href":"https:\/\/www.europesays.com\/ee\/wp-json\/wp\/v2\/posts\/267627\/revisions"}],"wp:featuredmedia":[{"embeddable":true,"href":"https:\/\/www.europesays.com\/ee\/wp-json\/wp\/v2\/media\/267628"}],"wp:attachment":[{"href":"https:\/\/www.europesays.com\/ee\/wp-json\/wp\/v2\/media?parent=267627"}],"wp:term":[{"taxonomy":"category","embeddable":true,"href":"https:\/\/www.europesays.com\/ee\/wp-json\/wp\/v2\/categories?post=267627"},{"taxonomy":"post_tag","embeddable":true,"href":"https:\/\/www.europesays.com\/ee\/wp-json\/wp\/v2\/tags?post=267627"}],"curies":[{"name":"wp","href":"https:\/\/api.w.org\/{rel}","templated":true}]}}