{"id":267631,"date":"2026-09-03T13:44:15","date_gmt":"2026-09-03T13:44:15","guid":{"rendered":"https:\/\/www.europesays.com\/ee\/267631\/"},"modified":"2026-09-03T13:44:15","modified_gmt":"2026-09-03T13:44:15","slug":"costa-el-i-eelarve-kokkuleppeks-tuleb-kehtestada-uleeuroopalisi-makse-valismaa","status":"publish","type":"post","link":"https:\/\/www.europesays.com\/ee\/267631\/","title":{"rendered":"Costa: EL-i eelarve kokkuleppeks tuleb kehtestada \u00fcleeuroopalisi makse | V\u00e4lismaa"},"content":{"rendered":"<p>Euroopa \u00dclemkogu alaline eesistuja Ant\u00f3nio Costa kutsus Euroopa Liidu riikide valitsusi kokku leppima uutes \u00fcleeuroopalistes maksudes, kuna vastasel juhul tuleb riikidel arvestada suuremate sissemaksetega EL-i seitsmeaastasesse eelarvesse (MFF), mille \u00fcle l\u00e4bir\u00e4\u00e4kimised s\u00fcgisel algavad. Eesti on nn omavahendite ehk \u00fcleeuroopaliste maksude kehtestamise suhtes kriitiline, toetades ainult v\u00e4ikest osa sellest ettepanekute paketist.<\/p>\n<p>Kolmap\u00e4eval Horvaatiat k\u00fclastanud Costa kutsus valitsusjuhte enne 15. oktoobril toimuvat tippkohtumist oma punaseid jooni leevendama. Tippkohtumisel soovib ta kitsendada v\u00f5imalike uute maksude valikut selliste lahendusteni, mis oleksid EL-i valitsustele vastuv\u00f5etavad.<\/p>\n<p>&#8220;Meie prioriteet on p\u00fc\u00fcda juba oktoobris kokku leppida uute omavahendite pakett,&#8221; \u00fctles Costa koos Horvaatia peaministri Andrej Plenkovi\u0107iga antud pressikonverentsil. &#8220;Siis saame teada, kui palju peame igalt liikmesriigilt k\u00fcsima,&#8221; lisas ta.<\/p>\n<p>Kokkuleppe saavutamine uute EL-i maksude ehk niinimetatud omavahendite osas on keskse t\u00e4htsusega, et h\u00f5lbustada \u00fcldise eelarvekokkuleppe saavutamist detsembris, enne kui 2027. aastal Prantsusmaal, Hispaanias ja Itaalias toimuvad riiklikud valimised v\u00f5ivad l\u00e4bir\u00e4\u00e4kimisi ohustada.<\/p>\n<p>Costa k\u00fclastab k\u00f5iki 27 EL-i pealinna, et selgitada v\u00e4lja nende mured ja hinnata, millistes k\u00fcsimustes on v\u00f5imalik kompromissile j\u00f5uda. Portugali poliitik m\u00e4ngib l\u00e4bir\u00e4\u00e4kimistel v\u00f5tmerolli, kuna juhib liidrite kohtumisi ja p\u00fc\u00fcab saavutada kompromisse eri leeride vahel.<\/p>\n<p>Euroopa-\u00fcleste maksude k\u00fcsimus on l\u00e4bir\u00e4\u00e4kimistel \u00fcks keerulisemaid, sest liikmesriikide pealinnad ei soovi anda Euroopa Komisjonile suuremaid maksustamisvolitusi ega n\u00f5ustuda uute maksudega, mis m\u00f5jutaksid m\u00f5nda riiki teistest rohkem.<\/p>\n<p>Komisjon pakkus eelmisel aastal esitatud eelarve-ettepanekus v\u00e4lja viis uut omavahendit MFF-i raha kogumiseks \u2013 maks s\u00fcsinikumahukate toodete impordile (nn s\u00fcsiniku piirimeede), maks \u00fcmbert\u00f6\u00f6tlemata elektroonikaj\u00e4\u00e4tmetele, maks suurettev\u00f5tete kasumile ja tubakatoodetele ning osa heitmekaubanduse s\u00fcsteemiga kogutavast s\u00fcsinikumaksust \u2013, mille eesm\u00e4rk oleks tuua eelarvesse 66 miljardit eurot aastas.<\/p>\n<p>Enamik ettepanekuid on aga valitsustes vastuseisu tekitanud. Iga uue maksu kehtestamiseks on vaja ka k\u00f5igi liikmesriikide \u00fcheh\u00e4\u00e4lset heakskiitu.<\/p>\n<p>Pinged tulid selgelt esile kolmap\u00e4eval, kui Luksemburgi peaminister Luc Frieden l\u00fckkas p\u00e4rast Costaga kohtumist tagasi kavandatava EL-i tubakamaksu. &#8220;Me ei n\u00f5ustu ettepanekutega, mis m\u00f5jutavad [Luksemburgi] ebaproportsionaalselt,&#8221; \u00fctles ta ajakirjanikele.<\/p>\n<p>Kuid kaasliidritele suunatud hoiatuses \u00fctles Costa, et uutes maksudes kokkuleppele j\u00f5udmata j\u00e4tmine t\u00e4hendab kas eelarvek\u00e4rpeid v\u00f5i liikmesriikide suuremaid sissemakseid.<\/p>\n<p>&#8220;Meil on ainult kaks v\u00f5imalust: v\u00e4hendada oma ambitsioone julgeoleku, kaitse, konkurentsiv\u00f5ime, \u00fchtekuuluvuspoliitika ja p\u00f5llumajanduse valdkonnas \u2026 v\u00f5i suurendada liikmesriikide sissemakseid, mis on samuti k\u00f5igi liikmesriikide jaoks probleem,&#8221; t\u00f5des ta.<\/p>\n<p>M\u00f5lemad variandid oleksid l\u00e4bir\u00e4\u00e4kimiste vastasleeridele ebasoovitavad. Saksamaa juhitud p\u00f5hjapoolsed j\u00f5ukamad riigid kurdavad, et nende panus EL-i \u00fchiskassasse on juba liiga suur, samal ajal kui L\u00f5una- ja Ida-Euroopa riigid n\u00f5uavad rohkem EL-i raha p\u00f5llumajandusele ja regionaalarengule.<\/p>\n<p>EL-i riikide Euroopa asjade ministrid arutavad uute maksude k\u00fcsimust 22. septembril Br\u00fcsselis toimuval kohtumisel.<\/p>\n<p>Eesti valitsuse kinnitatud <a href=\"https:\/\/www.fin.ee\/sites\/default\/files\/documents\/2025-12\/Omavahendite%20otsus_0.pdf\" target=\"_blank\" rel=\"noopener nofollow\">seisukohtade kohaselt<\/a> toetab Eesti kogurahvatulul (RKT) p\u00f5hinevat rahastamiss\u00fcsteemi, leides, et uute omavahendite kehtestamisel peaks Eesti maksma EL-i \u00fchiseelarvesse rohkem kui RKT-p\u00f5hiselt. Uutest esitatud maksuettepanekutest toetab Eesti ainult s\u00fcsiniku piirimeetme kehtestamist.<\/p>\n","protected":false},"excerpt":{"rendered":"Euroopa \u00dclemkogu alaline eesistuja Ant\u00f3nio Costa kutsus Euroopa Liidu riikide valitsusi kokku leppima uutes \u00fcleeuroopalistes maksudes, kuna vastasel&hellip;\n","protected":false},"author":2,"featured_media":267632,"comment_status":"","ping_status":"","sticky":false,"template":"","format":"standard","meta":{"footnotes":"","_share_on_mastodon":"0"},"categories":[80],"tags":[26,27,37,33,35,103630,34,36,21475,103629,31,32,21,28,29,95,21476,19,103628,25,23,24,22,20,30,92,93,94],"class_list":["post-267631","post","type-post","status-publish","format-standard","has-post-thumbnail","category-maailm","tag-breaking-news","tag-breakingnews","tag-ee","tag-eesti","tag-eesti-keel","tag-eesti-seisukohad","tag-estonia","tag-estonian","tag-euroopa-liidu-eelarve","tag-euroopa-maks","tag-featured-news","tag-featurednews","tag-headlines","tag-latest-news","tag-latestnews","tag-maailm","tag-mff","tag-news","tag-omavahendid","tag-populaarseimad-lood","tag-top-stories","tag-topstories","tag-uldised-uudised","tag-uudised","tag-viimased-uudised","tag-world","tag-world-news","tag-worldnews"],"share_on_mastodon":{"url":"https:\/\/pubeurope.com\/@ee\/117207411129369794","error":""},"_links":{"self":[{"href":"https:\/\/www.europesays.com\/ee\/wp-json\/wp\/v2\/posts\/267631","targetHints":{"allow":["GET"]}}],"collection":[{"href":"https:\/\/www.europesays.com\/ee\/wp-json\/wp\/v2\/posts"}],"about":[{"href":"https:\/\/www.europesays.com\/ee\/wp-json\/wp\/v2\/types\/post"}],"author":[{"embeddable":true,"href":"https:\/\/www.europesays.com\/ee\/wp-json\/wp\/v2\/users\/2"}],"replies":[{"embeddable":true,"href":"https:\/\/www.europesays.com\/ee\/wp-json\/wp\/v2\/comments?post=267631"}],"version-history":[{"count":0,"href":"https:\/\/www.europesays.com\/ee\/wp-json\/wp\/v2\/posts\/267631\/revisions"}],"wp:featuredmedia":[{"embeddable":true,"href":"https:\/\/www.europesays.com\/ee\/wp-json\/wp\/v2\/media\/267632"}],"wp:attachment":[{"href":"https:\/\/www.europesays.com\/ee\/wp-json\/wp\/v2\/media?parent=267631"}],"wp:term":[{"taxonomy":"category","embeddable":true,"href":"https:\/\/www.europesays.com\/ee\/wp-json\/wp\/v2\/categories?post=267631"},{"taxonomy":"post_tag","embeddable":true,"href":"https:\/\/www.europesays.com\/ee\/wp-json\/wp\/v2\/tags?post=267631"}],"curies":[{"name":"wp","href":"https:\/\/api.w.org\/{rel}","templated":true}]}}