{"id":267633,"date":"2026-09-03T13:45:20","date_gmt":"2026-09-03T13:45:20","guid":{"rendered":"https:\/\/www.europesays.com\/ee\/267633\/"},"modified":"2026-09-03T13:45:20","modified_gmt":"2026-09-03T13:45:20","slug":"terviseamet-saab-muu-hulgas-hoovad-ebaravi-lopetamiseks","status":"publish","type":"post","link":"https:\/\/www.europesays.com\/ee\/267633\/","title":{"rendered":"Terviseamet saab muu hulgas hoovad ebaravi l\u00f5petamiseks"},"content":{"rendered":"<p>Neljap\u00e4eval valitsuses kinnitatud eeln\u00f5u annab terviseametile \u00f5iguse piirata tervishoiut\u00f6\u00f6tajal inimeste ravimist, kui ta kasutab ebaravi v\u00f5i teeb korduvaid ravivigu, seades sellega patsiendi tervise ohtu.<\/p>\n<p><a href=\"#paywall\">Tellijana<\/a> saad artiklit lugedes teada:<\/p>\n<ul>\n<li>millal saab terviseamet tervishoiut\u00f6\u00f6taja tegevust piirata ja mis juhtudel v\u00f5ib sekkumine tulla kohe;<\/li>\n<li>kuidas p\u00f5hjendas sotsiaalminister Karmen Joller vajadust anda riigile hoovad ebaravi l\u00f5petamiseks;<\/li>\n<li>mida muudab eeln\u00f5u tegevuslubade, kriisiaegse arstiabi ja kiirabiteenuse korralduses.<\/li>\n<\/ul>\n","protected":false},"excerpt":{"rendered":"Neljap\u00e4eval valitsuses kinnitatud eeln\u00f5u annab terviseametile \u00f5iguse piirata tervishoiut\u00f6\u00f6tajal inimeste ravimist, kui ta kasutab ebaravi v\u00f5i teeb korduvaid&hellip;\n","protected":false},"author":2,"featured_media":267634,"comment_status":"","ping_status":"","sticky":false,"template":"","format":"standard","meta":{"footnotes":"","_share_on_mastodon":"0"},"categories":[12],"tags":[26,27,37,33,35,34,36,31,32,21,28,29,19,25,23,24,22,20,30],"class_list":["post-267633","post","type-post","status-publish","format-standard","has-post-thumbnail","category-eesti","tag-breaking-news","tag-breakingnews","tag-ee","tag-eesti","tag-eesti-keel","tag-estonia","tag-estonian","tag-featured-news","tag-featurednews","tag-headlines","tag-latest-news","tag-latestnews","tag-news","tag-populaarseimad-lood","tag-top-stories","tag-topstories","tag-uldised-uudised","tag-uudised","tag-viimased-uudised"],"share_on_mastodon":{"url":"https:\/\/pubeurope.com\/@ee\/117207415162085381","error":""},"_links":{"self":[{"href":"https:\/\/www.europesays.com\/ee\/wp-json\/wp\/v2\/posts\/267633","targetHints":{"allow":["GET"]}}],"collection":[{"href":"https:\/\/www.europesays.com\/ee\/wp-json\/wp\/v2\/posts"}],"about":[{"href":"https:\/\/www.europesays.com\/ee\/wp-json\/wp\/v2\/types\/post"}],"author":[{"embeddable":true,"href":"https:\/\/www.europesays.com\/ee\/wp-json\/wp\/v2\/users\/2"}],"replies":[{"embeddable":true,"href":"https:\/\/www.europesays.com\/ee\/wp-json\/wp\/v2\/comments?post=267633"}],"version-history":[{"count":0,"href":"https:\/\/www.europesays.com\/ee\/wp-json\/wp\/v2\/posts\/267633\/revisions"}],"wp:featuredmedia":[{"embeddable":true,"href":"https:\/\/www.europesays.com\/ee\/wp-json\/wp\/v2\/media\/267634"}],"wp:attachment":[{"href":"https:\/\/www.europesays.com\/ee\/wp-json\/wp\/v2\/media?parent=267633"}],"wp:term":[{"taxonomy":"category","embeddable":true,"href":"https:\/\/www.europesays.com\/ee\/wp-json\/wp\/v2\/categories?post=267633"},{"taxonomy":"post_tag","embeddable":true,"href":"https:\/\/www.europesays.com\/ee\/wp-json\/wp\/v2\/tags?post=267633"}],"curies":[{"name":"wp","href":"https:\/\/api.w.org\/{rel}","templated":true}]}}