{"id":267637,"date":"2026-09-03T13:52:17","date_gmt":"2026-09-03T13:52:17","guid":{"rendered":"https:\/\/www.europesays.com\/ee\/267637\/"},"modified":"2026-09-03T13:52:17","modified_gmt":"2026-09-03T13:52:17","slug":"fotografiskas-avatakse-ameerika-argipaeva-jaadvustanud-lapsehoidja-naitus-kunst","status":"publish","type":"post","link":"https:\/\/www.europesays.com\/ee\/267637\/","title":{"rendered":"Fotografiskas avatakse Ameerika argip\u00e4eva j\u00e4\u00e4dvustanud lapsehoidja n\u00e4itus | Kunst"},"content":{"rendered":"<p>New Yorgi ja Shanghai Fotografiska muuseumitest j\u00f5uab Tallinnasse New Yorgi ja Chicago t\u00e4navaid j\u00e4\u00e4dvustanud ning eluajal lapsehoidjana t\u00f6\u00f6tanud Vivian Maieri (1926-2009) n\u00e4itus.<\/p>\n<p>Vivian Maier (1926\u20132009) on \u00fcks salap\u00e4rasemaid kujusid fotograafia ajaloos, kelle panus fotokunsti avastati alles p\u00e4rast tema surma, kuid keda peetakse \u00fcheks parimaks m\u00f6\u00f6dunud sajandi t\u00e4navafotograafiks.<\/p>\n<p>N\u00e4itus tutvustab Maieri loomingut 1950. aastate algusest kuni 1980. aastate keskpaigani ligi 200 teose kaudu: vintage- ja kaasaegsed fotoprindid, v\u00e4rvi- ja mustvalged fotod, Super 8 filmid ja helisalvestised ning spetsiaalselt Tallinna n\u00e4itusele lisatud kontaktkoopiad.<\/p>\n<p>Maier kuulus\u00a0Ameerika unelma k\u00f5rgajal n\u00e4htamatusse t\u00f6\u00f6lisklassi ning j\u00e4i seet\u00f5ttu pigem selle vaikseks tunnistajaks. \u00c4\u00e4rmiselt privaatne ja materiaalsetest v\u00e4\u00e4rtustest distantseerunud Vivian t\u00f6\u00f6tas lapsehoidjana. Lapsed kaasas, kulges ta m\u00f6\u00f6da linnaruumi, m\u00e4rgates ja pildistades,\u00a0j\u00e4\u00e4dvustades ja luues \u2013 endale teadmata \u2013 erakordset visuaalset arhiivi s\u00f5jaj\u00e4rgse Ameerika argielust.<\/p>\n<p>N\u00e4ituse kuraator Anne Morin on \u00f6elnud: &#8220;Vivian Maieri fotode avastamine p\u00e4rast tema surma on \u00fcks fotograafiaajaloo suurimaid \u00f5nnelikke juhuseid.&#8221; 2007. aastal m\u00fc\u00fcdi Chicagos \u00fche kohaliku oksjonimaja kaudu v\u00f5lgnevuste t\u00f5ttu maha \u00fcks Maieri laoruumidest. Sealt leiti tohutu hulk kogu elu jooksul kogunenud negatiive \u2013 avastus, mis m\u00f5jutas hiljem kogu fotograafiamaailma<\/p>\n","protected":false},"excerpt":{"rendered":"New Yorgi ja Shanghai Fotografiska muuseumitest j\u00f5uab Tallinnasse New Yorgi ja Chicago t\u00e4navaid j\u00e4\u00e4dvustanud ning eluajal lapsehoidjana t\u00f6\u00f6tanud&hellip;\n","protected":false},"author":2,"featured_media":267638,"comment_status":"","ping_status":"","sticky":false,"template":"","format":"standard","meta":{"footnotes":"","_share_on_mastodon":"0"},"categories":[16],"tags":[37,33,35,173,34,36,13686,140,103631],"class_list":["post-267637","post","type-post","status-publish","format-standard","has-post-thumbnail","category-meelelahutus","tag-ee","tag-eesti","tag-eesti-keel","tag-entertainment","tag-estonia","tag-estonian","tag-fotografiska","tag-meelelahutus","tag-vivian-maier"],"share_on_mastodon":{"url":"https:\/\/pubeurope.com\/@ee\/117207442908699022","error":""},"_links":{"self":[{"href":"https:\/\/www.europesays.com\/ee\/wp-json\/wp\/v2\/posts\/267637","targetHints":{"allow":["GET"]}}],"collection":[{"href":"https:\/\/www.europesays.com\/ee\/wp-json\/wp\/v2\/posts"}],"about":[{"href":"https:\/\/www.europesays.com\/ee\/wp-json\/wp\/v2\/types\/post"}],"author":[{"embeddable":true,"href":"https:\/\/www.europesays.com\/ee\/wp-json\/wp\/v2\/users\/2"}],"replies":[{"embeddable":true,"href":"https:\/\/www.europesays.com\/ee\/wp-json\/wp\/v2\/comments?post=267637"}],"version-history":[{"count":0,"href":"https:\/\/www.europesays.com\/ee\/wp-json\/wp\/v2\/posts\/267637\/revisions"}],"wp:featuredmedia":[{"embeddable":true,"href":"https:\/\/www.europesays.com\/ee\/wp-json\/wp\/v2\/media\/267638"}],"wp:attachment":[{"href":"https:\/\/www.europesays.com\/ee\/wp-json\/wp\/v2\/media?parent=267637"}],"wp:term":[{"taxonomy":"category","embeddable":true,"href":"https:\/\/www.europesays.com\/ee\/wp-json\/wp\/v2\/categories?post=267637"},{"taxonomy":"post_tag","embeddable":true,"href":"https:\/\/www.europesays.com\/ee\/wp-json\/wp\/v2\/tags?post=267637"}],"curies":[{"name":"wp","href":"https:\/\/api.w.org\/{rel}","templated":true}]}}