{"id":267641,"date":"2026-09-03T13:55:08","date_gmt":"2026-09-03T13:55:08","guid":{"rendered":"https:\/\/www.europesays.com\/ee\/267641\/"},"modified":"2026-09-03T13:55:08","modified_gmt":"2026-09-03T13:55:08","slug":"video-jahimeeste-rajakaamera-aitas-leedus-tabada-27-ebaseaduslikku-piiriuletajat","status":"publish","type":"post","link":"https:\/\/www.europesays.com\/ee\/267641\/","title":{"rendered":"VIDEO | Jahimeeste rajakaamera aitas Leedus tabada 27 ebaseaduslikku piiri\u00fcletajat"},"content":{"rendered":"<p>Metsloomade asemel sattus rajakaamera ette aga suur grupp inimesi, kes olid liikunud <a rel=\"noopener nofollow\" target=\"_blank\" href=\"https:\/\/www.delfi.ee\/teema\/28576451\/valgevene\" tag-id=\"28576451\">Valgevenest<\/a> Leedu territooriumile.<\/p>\n<p class=\"isSelectedEnd\">Jahimehed edastasid info kiiresti Leedu piirivalveteenistusele ehk VSAT-ile. Piirivalve reageeris teatele kohe ja pidas grupi liikmed kinni. Kokku tabati 27 meest, edastab<a rel=\"noopener follow nofollow\" target=\"_blank\" href=\"https:\/\/www.lrt.lt\/naujienos\/lietuvoje\/2\/3041200\/medziotoju-kamera-uzfiksavo-27-siena-neteisetai-kirtusius-vyrus?utm_source=chatgpt.com\" data-rel-date-range=\"[]\"> LRT.<\/a><\/p>\n<p class=\"isSelectedEnd\">VSAT-i esindaja Giedrius Mi\u0161utis \u00fctles LRT-le, et tegemist oli noorte ja f\u00fc\u00fcsiliselt tervete meestega. Kinnipeetutel ei olnud kaasas isikut t\u00f5endavaid dokumente ja nad ei osutanud kinnipidamisel vastupanu ega \u00fcritanud p\u00f5geneda.<\/p>\n<p class=\"isSelectedEnd\">Esialgsetel andmetel v\u00e4itis \u00fcks kinnipeetu end olevat T\u00fcrgi, teine Pakistani ja \u00fclej\u00e4\u00e4nud 25 olid Somaalia kodanikud. Nende isikuid ja p\u00e4ritolu kontrollivad Leedu ametiv\u00f5imud.<\/p>\n<p class=\"isSelectedEnd\">Praegu hinnatakse kinnipeetute olukorda ja nende edasise staatuse \u00fcle ei ole veel l\u00f5plikku otsust tehtud. VSAT-i s\u00f5nul on sellistel juhtudel tavap\u00e4rane, et ebaseaduslikult piiri \u00fcletanud inimesed v\u00f5idakse p\u00e4ritoluriiki v\u00f5i riiki, kust nad Leetu saabusid, tagasi saata.<\/p>\n<p class=\"isSelectedEnd\">Juhtum on t\u00e4helepanuv\u00e4\u00e4rne ka seet\u00f5ttu, et grupi avastas seekord jahimeeste rajakaamera, mitte piirivalve spetsiaalne seires\u00fcsteem. Leedu jahimeeste ja kalastajate \u00fchendus r\u00f5hutas sotsiaalmeedias, et metsades loomade j\u00e4lgimiseks kasutatavad kaamerad v\u00f5ivad ootamatult osutuda kasulikuks ka riigi julgeoleku tagamisel.<\/p>\n<p class=\"isSelectedEnd\">\u0160ven\u010dioni\u0173 rajoon asub Leedu idaosas Valgevene piiri l\u00e4hedal. VSAT-i hinnangul on viimastel p\u00e4evadel just selles piirkonnas (\u0160ven\u010dioni\u0173 ja Ignalina \u00fcmbruses) t\u00e4heldatud tavap\u00e4rasest suuremat ebaseadusliku piiri\u00fcletuse aktiivsust. Tavaliselt registreeritakse rohkem selliseid juhtumeid Leedu l\u00f5unaosas.<\/p>\n<p>Kuidas see lugu Sind end tundma pani?Saada<a href=\"https:\/\/maaleht.delfi.ee\/artikkel\/120608164\/video-jahimeeste-rajakaamera-aitas-leedus-tabada-27-ebaseaduslikku-piiriuletajat\/kommentaarid\" class=\"button button--primary button--size-auto article-body-bottom__comment article-body-bottom__comment--write\" style=\"\" rel=\"nofollow noopener\" target=\"_blank\">Kommenteeri<\/a><a href=\"https:\/\/maaleht.delfi.ee\/artikkel\/120608164\/video-jahimeeste-rajakaamera-aitas-leedus-tabada-27-ebaseaduslikku-piiriuletajat\/kommentaarid\" class=\"button button--size-auto article-body-bottom__comment article-body-bottom__comment--read\" style=\"\" rel=\"nofollow noopener\" target=\"_blank\">Loe kommentaare (20)<\/a><\/p>\n","protected":false},"excerpt":{"rendered":"Metsloomade asemel sattus rajakaamera ette aga suur grupp inimesi, kes olid liikunud Valgevenest Leedu territooriumile. Jahimehed edastasid info&hellip;\n","protected":false},"author":2,"featured_media":267642,"comment_status":"","ping_status":"","sticky":false,"template":"","format":"standard","meta":{"footnotes":"","_share_on_mastodon":"0"},"categories":[80],"tags":[26,27,37,33,35,34,36,31,32,21,1593,28,29,115,95,500,19,25,26573,23,24,22,20,2170,30,92,93,94],"class_list":["post-267641","post","type-post","status-publish","format-standard","has-post-thumbnail","category-maailm","tag-breaking-news","tag-breakingnews","tag-ee","tag-eesti","tag-eesti-keel","tag-estonia","tag-estonian","tag-featured-news","tag-featurednews","tag-headlines","tag-immigrant","tag-latest-news","tag-latestnews","tag-leedu","tag-maailm","tag-migratsioon","tag-news","tag-populaarseimad-lood","tag-rajakaamera","tag-top-stories","tag-topstories","tag-uldised-uudised","tag-uudised","tag-valgevene","tag-viimased-uudised","tag-world","tag-world-news","tag-worldnews"],"share_on_mastodon":{"url":"https:\/\/pubeurope.com\/@ee\/117207454477795383","error":""},"_links":{"self":[{"href":"https:\/\/www.europesays.com\/ee\/wp-json\/wp\/v2\/posts\/267641","targetHints":{"allow":["GET"]}}],"collection":[{"href":"https:\/\/www.europesays.com\/ee\/wp-json\/wp\/v2\/posts"}],"about":[{"href":"https:\/\/www.europesays.com\/ee\/wp-json\/wp\/v2\/types\/post"}],"author":[{"embeddable":true,"href":"https:\/\/www.europesays.com\/ee\/wp-json\/wp\/v2\/users\/2"}],"replies":[{"embeddable":true,"href":"https:\/\/www.europesays.com\/ee\/wp-json\/wp\/v2\/comments?post=267641"}],"version-history":[{"count":0,"href":"https:\/\/www.europesays.com\/ee\/wp-json\/wp\/v2\/posts\/267641\/revisions"}],"wp:featuredmedia":[{"embeddable":true,"href":"https:\/\/www.europesays.com\/ee\/wp-json\/wp\/v2\/media\/267642"}],"wp:attachment":[{"href":"https:\/\/www.europesays.com\/ee\/wp-json\/wp\/v2\/media?parent=267641"}],"wp:term":[{"taxonomy":"category","embeddable":true,"href":"https:\/\/www.europesays.com\/ee\/wp-json\/wp\/v2\/categories?post=267641"},{"taxonomy":"post_tag","embeddable":true,"href":"https:\/\/www.europesays.com\/ee\/wp-json\/wp\/v2\/tags?post=267641"}],"curies":[{"name":"wp","href":"https:\/\/api.w.org\/{rel}","templated":true}]}}