{"id":267665,"date":"2026-09-03T14:27:11","date_gmt":"2026-09-03T14:27:11","guid":{"rendered":"https:\/\/www.europesays.com\/ee\/267665\/"},"modified":"2026-09-03T14:27:11","modified_gmt":"2026-09-03T14:27:11","slug":"kimi-antonelli-kukutati-monza-stardirivi-loppu","status":"publish","type":"post","link":"https:\/\/www.europesays.com\/ee\/267665\/","title":{"rendered":"Kimi Antonelli kukutati Monza stardirivi l\u00f5ppu"},"content":{"rendered":"<p>Eelmisel n\u00e4dalal 20-aastaseks saanud Antonelli juhib enne kodust etappi MM-sarja 59 punktiga nii tiimikaaslase <a rel=\"noopener nofollow\" target=\"_blank\" href=\"https:\/\/www.delfi.ee\/teema\/89920371\/george-russell\" tag-id=\"89920371\">George Russelli<\/a> kui <a rel=\"noopener nofollow\" target=\"_blank\" href=\"https:\/\/www.delfi.ee\/teema\/359\/lewis-hamilton\" tag-id=\"359\">Lewis Hamiltoni<\/a> (Ferrari) ees.<\/p>\n<p>\u201eSee on pettumust valmistav uudis tema [Antonelli] ja f\u00e4nnide jaoks, kes tahaks teda n\u00e4ha kodusel etapil v\u00f5idu eest heitlemas, aga vahel tuleb meie spordis teha selliseid otsuseid, mis on l\u00fchiajaliselt valusad, aga pikas vaates vajalikud,\u201c m\u00e4rkis Mercedese tiimijuht <a rel=\"noopener nofollow\" target=\"_blank\" href=\"https:\/\/www.delfi.ee\/teema\/76474279\/toto-wolff\" tag-id=\"76474279\">Toto Wolff<\/a>.<\/p>\n<p>\u201eTema eesm\u00e4rk on n\u00fc\u00fcd selge: v\u00f5tta nii palju kohti, kui v\u00f5imalik, tagasi ja teenida maksimaalselt palju punkte,\u201c lisas Wolff.<\/p>\n<p>Antonelli ise usub, et esiviisiku koht v\u00f5iks olla v\u00f5imalik.<\/p>\n<p>\u201eS\u00f5idan kvalifikatsiooni kaasa, aga stardin ikkagi viimaselt kohalt. Viie parema hulka p\u00e4\u00e4semine on teostatav,\u201c lausus itaallane v\u00f5istluseelsel pressikonverentsil. <\/p>\n<p>\u201eNii suure karistuse kandmine kodusel GP-l pole ideaalne, aga me vaatame meistriv\u00f5istluste osas \u00fcldpilti ja see on \u00fcks parimaid radu selleks [viimasena startimiseks].\u201c<\/p>\n<p>Kuidas see lugu Sind end tundma pani?Saada<a href=\"https:\/\/sport.delfi.ee\/artikkel\/120608204\/kimi-antonelli-kukutati-monza-stardirivi-loppu\/kommentaarid\" class=\"button button--primary button--size-auto article-body-bottom__comment article-body-bottom__comment--write\" style=\"\" rel=\"nofollow noopener\" target=\"_blank\">Kommenteeri<\/a><a href=\"https:\/\/sport.delfi.ee\/artikkel\/120608204\/kimi-antonelli-kukutati-monza-stardirivi-loppu\/kommentaarid\" class=\"button button--size-auto article-body-bottom__comment article-body-bottom__comment--read\" style=\"\" rel=\"nofollow noopener\" target=\"_blank\">Loe kommentaare (1)<\/a><\/p>\n","protected":false},"excerpt":{"rendered":"Eelmisel n\u00e4dalal 20-aastaseks saanud Antonelli juhib enne kodust etappi MM-sarja 59 punktiga nii tiimikaaslase George Russelli kui Lewis&hellip;\n","protected":false},"author":2,"featured_media":267666,"comment_status":"","ping_status":"","sticky":false,"template":"","format":"standard","meta":{"footnotes":"","_share_on_mastodon":"0"},"categories":[18],"tags":[37,33,35,34,36,1956,19344,1573,159,158,27723,81062],"class_list":["post-267665","post","type-post","status-publish","format-standard","has-post-thumbnail","category-sport","tag-ee","tag-eesti","tag-eesti-keel","tag-estonia","tag-estonian","tag-george-russell","tag-kimi-antonelli","tag-lewis-hamilton","tag-sport","tag-sports","tag-toto-wolff","tag-vormel1"],"share_on_mastodon":{"url":"https:\/\/pubeurope.com\/@ee\/117207580445523300","error":""},"_links":{"self":[{"href":"https:\/\/www.europesays.com\/ee\/wp-json\/wp\/v2\/posts\/267665","targetHints":{"allow":["GET"]}}],"collection":[{"href":"https:\/\/www.europesays.com\/ee\/wp-json\/wp\/v2\/posts"}],"about":[{"href":"https:\/\/www.europesays.com\/ee\/wp-json\/wp\/v2\/types\/post"}],"author":[{"embeddable":true,"href":"https:\/\/www.europesays.com\/ee\/wp-json\/wp\/v2\/users\/2"}],"replies":[{"embeddable":true,"href":"https:\/\/www.europesays.com\/ee\/wp-json\/wp\/v2\/comments?post=267665"}],"version-history":[{"count":0,"href":"https:\/\/www.europesays.com\/ee\/wp-json\/wp\/v2\/posts\/267665\/revisions"}],"wp:featuredmedia":[{"embeddable":true,"href":"https:\/\/www.europesays.com\/ee\/wp-json\/wp\/v2\/media\/267666"}],"wp:attachment":[{"href":"https:\/\/www.europesays.com\/ee\/wp-json\/wp\/v2\/media?parent=267665"}],"wp:term":[{"taxonomy":"category","embeddable":true,"href":"https:\/\/www.europesays.com\/ee\/wp-json\/wp\/v2\/categories?post=267665"},{"taxonomy":"post_tag","embeddable":true,"href":"https:\/\/www.europesays.com\/ee\/wp-json\/wp\/v2\/tags?post=267665"}],"curies":[{"name":"wp","href":"https:\/\/api.w.org\/{rel}","templated":true}]}}