{"id":267687,"date":"2026-09-03T14:53:23","date_gmt":"2026-09-03T14:53:23","guid":{"rendered":"https:\/\/www.europesays.com\/ee\/267687\/"},"modified":"2026-09-03T14:53:23","modified_gmt":"2026-09-03T14:53:23","slug":"kuressaare-rannaala-planeering-sai-valmis","status":"publish","type":"post","link":"https:\/\/www.europesays.com\/ee\/267687\/","title":{"rendered":"Kuressaare rannaala planeering sai valmis"},"content":{"rendered":"<p class=\"MsoBodyText\">Saaremaa vallavalitsuse planeeringuteenistuse juhataja K\u00e4tlin Kallase s\u00f5nul v\u00f5eti Kuressaare mere\u00e4\u00e4rse puhkeala detailplaneering vastu ja suunati avalikule v\u00e4ljapanekule vallavalitsuse 1. septembri korraldusega. &#8220;Avaliku v\u00e4ljapaneku tulemuste avaliku arutelu aeg ja koht on veel paika panemata, kuna detailplaneering on \u00e4sja vastu v\u00f5etud,&#8221; lisas Kallas.<\/p>\n","protected":false},"excerpt":{"rendered":"Saaremaa vallavalitsuse planeeringuteenistuse juhataja K\u00e4tlin Kallase s\u00f5nul v\u00f5eti Kuressaare mere\u00e4\u00e4rse puhkeala detailplaneering vastu ja suunati avalikule v\u00e4ljapanekule vallavalitsuse&hellip;\n","protected":false},"author":2,"featured_media":267688,"comment_status":"","ping_status":"","sticky":false,"template":"","format":"standard","meta":{"footnotes":"","_share_on_mastodon":"0"},"categories":[12],"tags":[26,27,37,33,35,849,34,36,31,32,21,1452,456,89895,103653,11217,28,29,103654,23578,19,1581,25,2123,10989,39903,23,24,2086,22,20,30],"class_list":["post-267687","post","type-post","status-publish","format-standard","has-post-thumbnail","category-eesti","tag-breaking-news","tag-breakingnews","tag-ee","tag-eesti","tag-eesti-keel","tag-elektrilevi","tag-estonia","tag-estonian","tag-featured-news","tag-featurednews","tag-headlines","tag-keskkonnaamet","tag-kuressaare","tag-kuressaare-linnus","tag-kuressaare-rannaala-detailplaneering","tag-kuressaare-veevark","tag-latest-news","tag-latestnews","tag-mereaarne-puhkeala","tag-muinsuskaitseamet","tag-news","tag-paasteamet","tag-populaarseimad-lood","tag-saaremaa-vald","tag-saaremaa-vallavalitsus","tag-telia-eesti","tag-top-stories","tag-topstories","tag-transpordiamet","tag-uldised-uudised","tag-uudised","tag-viimased-uudised"],"share_on_mastodon":{"url":"","error":"Validation failed: Text character limit of 500 exceeded"},"_links":{"self":[{"href":"https:\/\/www.europesays.com\/ee\/wp-json\/wp\/v2\/posts\/267687","targetHints":{"allow":["GET"]}}],"collection":[{"href":"https:\/\/www.europesays.com\/ee\/wp-json\/wp\/v2\/posts"}],"about":[{"href":"https:\/\/www.europesays.com\/ee\/wp-json\/wp\/v2\/types\/post"}],"author":[{"embeddable":true,"href":"https:\/\/www.europesays.com\/ee\/wp-json\/wp\/v2\/users\/2"}],"replies":[{"embeddable":true,"href":"https:\/\/www.europesays.com\/ee\/wp-json\/wp\/v2\/comments?post=267687"}],"version-history":[{"count":0,"href":"https:\/\/www.europesays.com\/ee\/wp-json\/wp\/v2\/posts\/267687\/revisions"}],"wp:featuredmedia":[{"embeddable":true,"href":"https:\/\/www.europesays.com\/ee\/wp-json\/wp\/v2\/media\/267688"}],"wp:attachment":[{"href":"https:\/\/www.europesays.com\/ee\/wp-json\/wp\/v2\/media?parent=267687"}],"wp:term":[{"taxonomy":"category","embeddable":true,"href":"https:\/\/www.europesays.com\/ee\/wp-json\/wp\/v2\/categories?post=267687"},{"taxonomy":"post_tag","embeddable":true,"href":"https:\/\/www.europesays.com\/ee\/wp-json\/wp\/v2\/tags?post=267687"}],"curies":[{"name":"wp","href":"https:\/\/api.w.org\/{rel}","templated":true}]}}