{"id":267697,"date":"2026-09-03T15:03:15","date_gmt":"2026-09-03T15:03:15","guid":{"rendered":"https:\/\/www.europesays.com\/ee\/267697\/"},"modified":"2026-09-03T15:03:15","modified_gmt":"2026-09-03T15:03:15","slug":"ukraina-hoiatus-vene-ohuruumis-varitseva-ohu-eest-tegi-paljud-lennufirmad-valvsaks","status":"publish","type":"post","link":"https:\/\/www.europesays.com\/ee\/267697\/","title":{"rendered":"Ukraina hoiatus Vene \u00f5huruumis varitseva ohu eest tegi paljud lennufirmad valvsaks"},"content":{"rendered":"<p>Ukraina v\u00f5imud ja president Volod\u00f5m\u00f5r Zelensk\u00f5i hoiatasid rahvusvahelisi lennufirmasid ja kindlustusandjaid, et Venemaa \u00f5huruum on muutunud tsiviillennundusele ohtlikuks. Nende s\u00f5numit v\u00f5eti tasahilju kuulda, sest m\u00f5ned lennufirmad on teatanud lendude peatamisest v\u00f5i t\u00fchistamisest Venemaale.<\/p>\n<p>Ukraina edastas ametliku teate ka \u00fcleilmsele lennuohutust tagavale Rahvusvahelisele Tsiviillennunduse Organisatsioonile (ICAO), misj\u00e4rel laekusid firmadelt esimesed teated t\u00fchistatud lendudest.<\/p>\n","protected":false},"excerpt":{"rendered":"Ukraina v\u00f5imud ja president Volod\u00f5m\u00f5r Zelensk\u00f5i hoiatasid rahvusvahelisi lennufirmasid ja kindlustusandjaid, et Venemaa \u00f5huruum on muutunud tsiviillennundusele ohtlikuks.&hellip;\n","protected":false},"author":2,"featured_media":267698,"comment_status":"","ping_status":"","sticky":false,"template":"","format":"standard","meta":{"footnotes":"","_share_on_mastodon":"0"},"categories":[80],"tags":[26,27,18782,37,33,35,34,36,31,32,21,28,29,1412,95,103655,19,25,23,24,22,20,96,1926,30,263,92,93,94],"class_list":["post-267697","post","type-post","status-publish","format-standard","has-post-thumbnail","category-maailm","tag-breaking-news","tag-breakingnews","tag-droonioht","tag-ee","tag-eesti","tag-eesti-keel","tag-estonia","tag-estonian","tag-featured-news","tag-featurednews","tag-headlines","tag-latest-news","tag-latestnews","tag-lennuliiklus","tag-maailm","tag-moskva-lennujaamad","tag-news","tag-populaarseimad-lood","tag-top-stories","tag-topstories","tag-uldised-uudised","tag-uudised","tag-venemaa","tag-venemaa-ukraina-soda","tag-viimased-uudised","tag-volodomor-zelenskoi","tag-world","tag-world-news","tag-worldnews"],"share_on_mastodon":{"url":"https:\/\/pubeurope.com\/@ee\/117207721762007382","error":""},"_links":{"self":[{"href":"https:\/\/www.europesays.com\/ee\/wp-json\/wp\/v2\/posts\/267697","targetHints":{"allow":["GET"]}}],"collection":[{"href":"https:\/\/www.europesays.com\/ee\/wp-json\/wp\/v2\/posts"}],"about":[{"href":"https:\/\/www.europesays.com\/ee\/wp-json\/wp\/v2\/types\/post"}],"author":[{"embeddable":true,"href":"https:\/\/www.europesays.com\/ee\/wp-json\/wp\/v2\/users\/2"}],"replies":[{"embeddable":true,"href":"https:\/\/www.europesays.com\/ee\/wp-json\/wp\/v2\/comments?post=267697"}],"version-history":[{"count":0,"href":"https:\/\/www.europesays.com\/ee\/wp-json\/wp\/v2\/posts\/267697\/revisions"}],"wp:featuredmedia":[{"embeddable":true,"href":"https:\/\/www.europesays.com\/ee\/wp-json\/wp\/v2\/media\/267698"}],"wp:attachment":[{"href":"https:\/\/www.europesays.com\/ee\/wp-json\/wp\/v2\/media?parent=267697"}],"wp:term":[{"taxonomy":"category","embeddable":true,"href":"https:\/\/www.europesays.com\/ee\/wp-json\/wp\/v2\/categories?post=267697"},{"taxonomy":"post_tag","embeddable":true,"href":"https:\/\/www.europesays.com\/ee\/wp-json\/wp\/v2\/tags?post=267697"}],"curies":[{"name":"wp","href":"https:\/\/api.w.org\/{rel}","templated":true}]}}