{"id":267709,"date":"2026-09-03T15:15:09","date_gmt":"2026-09-03T15:15:09","guid":{"rendered":"https:\/\/www.europesays.com\/ee\/267709\/"},"modified":"2026-09-03T15:15:09","modified_gmt":"2026-09-03T15:15:09","slug":"lati-kaitseminister-riik-otsib-uusi-koostoovoimalusi-usa-kaitsetoostusega-valismaa","status":"publish","type":"post","link":"https:\/\/www.europesays.com\/ee\/267709\/","title":{"rendered":"L\u00e4ti kaitseminister: riik otsib uusi koost\u00f6\u00f6v\u00f5imalusi USA kaitset\u00f6\u00f6stusega | V\u00e4lismaa"},"content":{"rendered":"<p>L\u00e4ti kaitseminister Raivis Melnis kohtus neljap\u00e4eval \u00dchendriikide uue suursaadikuga ja \u00fctles, et riik otsib uusi koost\u00f6\u00f6v\u00f5imalusi USA kaitset\u00f6\u00f6stusega.<\/p>\n<p>Melnis kohtus neljap\u00e4eval suursaadikuga, et arutada L\u00e4ti ja USA kahepoolset koost\u00f6\u00f6d ning tulevasi koost\u00f6\u00f6v\u00f5imalusi kaitsevaldkonnas, sealhulgas L\u00e4ti panust riigikaitsesse ja koost\u00f6\u00f6d USA kaitset\u00f6\u00f6stusega, teatas kaitseministeerium.<\/p>\n<p>L\u00e4ti ja USA julgeolekupartnerlus on piirkondliku stabiilsuse tagamiseks ning L\u00e4ti kaitsev\u00f5ime tugevdamiseks h\u00e4davajalik.<\/p>\n<p>&#8220;Me hindame k\u00f5rgelt USA s\u00f5jalist kohalolekut L\u00e4tis ja meie liitlaste panust piirkondlikku julgeolekusse. Samal ajal j\u00e4tkame L\u00e4ti kaitsev\u00f5ime arendamist ja otsime uusi koost\u00f6\u00f6v\u00f5imalusi USA kaitset\u00f6\u00f6stusega. See koost\u00f6\u00f6 on oluline mitte ainult t\u00e4nase julgeoleku tugevdamiseks, vaid ka L\u00e4ti kaitsev\u00f5ime pikaajaliseks arendamiseks,&#8221; \u00fctles Melnis.<\/p>\n<p>Kohtumise k\u00e4igus p\u00f6\u00f6rati erilist t\u00e4helepanu L\u00e4ti ja USA koost\u00f6\u00f6le kaitsev\u00f5ime arendamisel ning olemasolevatele ja potentsiaalsetele uutele koost\u00f6\u00f6v\u00f5imalustele \u00dchendriikide kaitset\u00f6\u00f6stusega.<\/p>\n<p>Arutades piirkonna julgeolekuolukorda, k\u00e4sitlesid ametiisikud ka USA j\u00e4tkuvat panust L\u00e4ti julgeoleku tugevdamisse, sealhulgas s\u00f5jalist kohalolekut L\u00e4tis ning vajadust j\u00e4tkata Ukraina toetamist ja tugevdada L\u00e4ti idapiiri.<\/p>\n","protected":false},"excerpt":{"rendered":"L\u00e4ti kaitseminister Raivis Melnis kohtus neljap\u00e4eval \u00dchendriikide uue suursaadikuga ja \u00fctles, et riik otsib uusi koost\u00f6\u00f6v\u00f5imalusi USA kaitset\u00f6\u00f6stusega.&hellip;\n","protected":false},"author":2,"featured_media":267710,"comment_status":"","ping_status":"","sticky":false,"template":"","format":"standard","meta":{"footnotes":"","_share_on_mastodon":"0"},"categories":[80],"tags":[26,27,37,33,35,34,36,31,32,21,2164,28,29,114,95,19,25,23,24,22,325,20,30,92,93,94],"class_list":["post-267709","post","type-post","status-publish","format-standard","has-post-thumbnail","category-maailm","tag-breaking-news","tag-breakingnews","tag-ee","tag-eesti","tag-eesti-keel","tag-estonia","tag-estonian","tag-featured-news","tag-featurednews","tag-headlines","tag-kaitsetoostus","tag-latest-news","tag-latestnews","tag-lati","tag-maailm","tag-news","tag-populaarseimad-lood","tag-top-stories","tag-topstories","tag-uldised-uudised","tag-usa","tag-uudised","tag-viimased-uudised","tag-world","tag-world-news","tag-worldnews"],"share_on_mastodon":{"url":"https:\/\/pubeurope.com\/@ee\/117207769074203878","error":""},"_links":{"self":[{"href":"https:\/\/www.europesays.com\/ee\/wp-json\/wp\/v2\/posts\/267709","targetHints":{"allow":["GET"]}}],"collection":[{"href":"https:\/\/www.europesays.com\/ee\/wp-json\/wp\/v2\/posts"}],"about":[{"href":"https:\/\/www.europesays.com\/ee\/wp-json\/wp\/v2\/types\/post"}],"author":[{"embeddable":true,"href":"https:\/\/www.europesays.com\/ee\/wp-json\/wp\/v2\/users\/2"}],"replies":[{"embeddable":true,"href":"https:\/\/www.europesays.com\/ee\/wp-json\/wp\/v2\/comments?post=267709"}],"version-history":[{"count":0,"href":"https:\/\/www.europesays.com\/ee\/wp-json\/wp\/v2\/posts\/267709\/revisions"}],"wp:featuredmedia":[{"embeddable":true,"href":"https:\/\/www.europesays.com\/ee\/wp-json\/wp\/v2\/media\/267710"}],"wp:attachment":[{"href":"https:\/\/www.europesays.com\/ee\/wp-json\/wp\/v2\/media?parent=267709"}],"wp:term":[{"taxonomy":"category","embeddable":true,"href":"https:\/\/www.europesays.com\/ee\/wp-json\/wp\/v2\/categories?post=267709"},{"taxonomy":"post_tag","embeddable":true,"href":"https:\/\/www.europesays.com\/ee\/wp-json\/wp\/v2\/tags?post=267709"}],"curies":[{"name":"wp","href":"https:\/\/api.w.org\/{rel}","templated":true}]}}