{"id":267717,"date":"2026-09-03T15:26:13","date_gmt":"2026-09-03T15:26:13","guid":{"rendered":"https:\/\/www.europesays.com\/ee\/267717\/"},"modified":"2026-09-03T15:26:13","modified_gmt":"2026-09-03T15:26:13","slug":"latti-siirdunud-curro-torres-loodan-et-liepajas-on-samamoodi-nagu-levadias-soccernet-ee","status":"publish","type":"post","link":"https:\/\/www.europesays.com\/ee\/267717\/","title":{"rendered":"L\u00e4tti siirdunud Curro Torres: loodan, et Liepajas on samamoodi nagu Levadias &#8211; Soccernet.ee"},"content":{"rendered":"<p><img decoding=\"async\" src=\"https:\/\/www.europesays.com\/ee\/wp-content\/uploads\/2026\/09\/1788441723.jpg\" alt=\"Curro Torres. Foto: Katariina Peetson \/ jalgpall.ee\"\/>&#13;\n<\/p>\n<p>Vladimir Vassiljevi vallandamise j\u00e4rel FK Liepaja peatreeneriks saanud Curro Torres loodab, et tal sujub L\u00e4tis samamoodi nagu Eestis.<\/p>\n<p>Liepaja avaldas klubi kodulehel intervjuu Torresega, kes muuhulgas meenutas oma aega FCI Levadias. Ta oli Levadia peatreener kolm aastat (2023-2025) ning v\u00f5itis korra nii Eesti meistritiitli, karika kui ka superkarika. Lisaks juhendas Torres Eesti tippklubi eurom\u00e4ngudes.&#13;\n<\/p>\n<p>&#8220;Kolm aastat Levadias oli minu jaoks v\u00e4ga hea kogemus. Ma armastan Eestit ja armastan seda klubi. Mul on v\u00e4ga soojad m\u00e4lestused inimestest, kes minuga koos Levadias t\u00f6\u00f6tasid. Usun, et samasugused m\u00e4lestused on j\u00e4\u00e4nud ka minust. Ma loodan, et Liepajas on k\u00f5ik samamoodi. Loodan t\u00f5esti, et veedan siin kaua aega, saavutame koos edu ja viime Liepaja uuele tasemele,&#8221; lausus 49-aastane hispaanlane.&#13;\n<\/p>\n<p>Liepaja saavutas Torrese deb\u00fc\u00fctm\u00e4ngus v\u00e4geva v\u00f5idu, alistades kodus 3:2 tiitlikaitsja Riia FC, kes asub praegu liigatabelis teisel kohal ja j\u00f5udis t\u00e4navu Konverentsiliiga p\u00f5hiturniirile. Liepaja paikneb tabelis neljandal kohal, kaotades kolmandal kohal olevale Audale 13 punktiga. L\u00e4tis on samasugune s\u00fcsteem nagu Eestis ehk eurosarja p\u00e4\u00e4sevad meistriv\u00f5istluste kolm paremat ja karikav\u00f5itja v\u00f5i koduliiga neljas meeskond.<\/p>\n<p>Torrese s\u00f5nul on Liepaja peamine eesm\u00e4rk j\u00e4rgmiseks hooajaks eurosarja j\u00f5uda. &#8220;See on kohustuslik \u00fclesanne. See on meile k\u00f5igile v\u00e4ga oluline ja klubi t\u00f6\u00f6tab selle nimel iga p\u00e4ev,&#8221; s\u00f5nas Torres. &#8220;Ma tean, et Liepaja on ambitsioonikas klubi. Tahan, et Liepaja oleks edukas ja m\u00e4ngijad areneksid. Sellep\u00e4rast olen siin, v\u00f5tsin kutse r\u00f5\u00f5mu ja suurte ootustega vastu.&#8221;&#13;\n<\/p>\n<p>Liepaja j\u00e4rgmine liigam\u00e4ng Torrese juhendamisel toimub 7. septembril, kui v\u00f5\u00f5rsil minnakse vastamisi tabelijuhi RFS-iga, kes edestab Riia FC-d nelja punktiga. Auda j\u00e4\u00e4b Riia FC-st 12 ja Liepaja 25 punkti kaugusele.<\/p>\n","protected":false},"excerpt":{"rendered":"&#13; Vladimir Vassiljevi vallandamise j\u00e4rel FK Liepaja peatreeneriks saanud Curro Torres loodab, et tal sujub L\u00e4tis samamoodi nagu&hellip;\n","protected":false},"author":2,"featured_media":267718,"comment_status":"","ping_status":"","sticky":false,"template":"","format":"standard","meta":{"footnotes":"","_share_on_mastodon":"0"},"categories":[18],"tags":[1587,37,33,35,34,36,82339,114,74926,7947,159,158,1588],"class_list":["post-267717","post","type-post","status-publish","format-standard","has-post-thumbnail","category-sport","tag-curro-torres","tag-ee","tag-eesti","tag-eesti-keel","tag-estonia","tag-estonian","tag-fk-liepaja","tag-lati","tag-lati-korgliiga","tag-liepaja","tag-sport","tag-sports","tag-torres"],"share_on_mastodon":{"url":"https:\/\/pubeurope.com\/@ee\/117207812526319693","error":""},"_links":{"self":[{"href":"https:\/\/www.europesays.com\/ee\/wp-json\/wp\/v2\/posts\/267717","targetHints":{"allow":["GET"]}}],"collection":[{"href":"https:\/\/www.europesays.com\/ee\/wp-json\/wp\/v2\/posts"}],"about":[{"href":"https:\/\/www.europesays.com\/ee\/wp-json\/wp\/v2\/types\/post"}],"author":[{"embeddable":true,"href":"https:\/\/www.europesays.com\/ee\/wp-json\/wp\/v2\/users\/2"}],"replies":[{"embeddable":true,"href":"https:\/\/www.europesays.com\/ee\/wp-json\/wp\/v2\/comments?post=267717"}],"version-history":[{"count":0,"href":"https:\/\/www.europesays.com\/ee\/wp-json\/wp\/v2\/posts\/267717\/revisions"}],"wp:featuredmedia":[{"embeddable":true,"href":"https:\/\/www.europesays.com\/ee\/wp-json\/wp\/v2\/media\/267718"}],"wp:attachment":[{"href":"https:\/\/www.europesays.com\/ee\/wp-json\/wp\/v2\/media?parent=267717"}],"wp:term":[{"taxonomy":"category","embeddable":true,"href":"https:\/\/www.europesays.com\/ee\/wp-json\/wp\/v2\/categories?post=267717"},{"taxonomy":"post_tag","embeddable":true,"href":"https:\/\/www.europesays.com\/ee\/wp-json\/wp\/v2\/tags?post=267717"}],"curies":[{"name":"wp","href":"https:\/\/api.w.org\/{rel}","templated":true}]}}