{"id":267723,"date":"2026-09-03T15:38:21","date_gmt":"2026-09-03T15:38:21","guid":{"rendered":"https:\/\/www.europesays.com\/ee\/267723\/"},"modified":"2026-09-03T15:38:21","modified_gmt":"2026-09-03T15:38:21","slug":"kait-mangis-kristali-uleminekus-korvaltegelast-voib-olla-utlesin-ta-nime-oigel-ajal-valja-soccernet-ee","status":"publish","type":"post","link":"https:\/\/www.europesays.com\/ee\/267723\/","title":{"rendered":"K\u00e4it m\u00e4ngis Kristali \u00fcleminekus k\u00f5rvaltegelast: v\u00f5ib-olla \u00fctlesin ta nime \u00f5igel ajal v\u00e4lja &#8211; Soccernet.ee"},"content":{"rendered":"<p><img decoding=\"async\" src=\"https:\/\/www.europesays.com\/ee\/wp-content\/uploads\/2026\/09\/1788356904.jpg\" alt=\"Mattias K\u00e4it ja Patrik Kristal n\u00e4evad teineteist lisaks koondisele ka klubis\u00e4rgis. Foto: Liisi Troska \/ jalgpall.ee\"\/>&#13;\n<\/p>\n<p>Mattias K\u00e4it ja Patrik Kristal on alates teisip\u00e4evast lisaks koondisele n\u00fc\u00fcd ka klubikaaslased. 28-aastane poolkaitsja r\u00e4\u00e4kis uudise j\u00e4rel Soccernet.ee-le, et tema seos \u00fcleminekuga oli v\u00e4ike, ent mitte olematu.<\/p>\n<p>K\u00e4it \u00fctles, et see on haruldane n\u00e4htus, kui kaks eestlast on sellisel tasemel klubikaaslased ja ta on enam kui kindel, et eestlased hakkavad n\u00fc\u00fcd ka klubitasandil omavahel p\u00e4ris palju l\u00e4bi k\u00e4ima. Et K\u00e4idil on kaks last, siis saab ta Kristalile uues linnas tutvustada kohalikke m\u00e4nguplatse. &#8220;Ma hakkan nendega seal k\u00e4ima v\u00e4ga tihti. Kas ta minuga sinna kaasa tuleb ja kui p\u00f5nev see saab talle olema, eks seda ole n\u00e4ha,&#8221; muigas K\u00e4it.&#13;\n<\/p>\n<p>\u0160veitsi meistri ridadest lahkus eduka hooaja j\u00e4rel palju m\u00e4ngijaid ning need on asendunud enamjaolt noortega, r\u00e4\u00e4kis K\u00e4it. Nende hulka kuulub ka Kristal, kes saab k\u00f5rgel tasemel koguda meestetaseme m\u00e4ngupraktikat. &#8220;Arvan ja loodan, et ta ise naudib siin ning aitab meid v\u00f5istkonnana samamoodi,&#8221; lausus K\u00e4it. Kas ta n\u00e4eb uut meeskonnakaaslast ka kui nooremat venda? &#8220;Ikka!&#8221; vastas K\u00e4it. &#8220;K\u00fcmme aastat vahe, seega ei saa \u00f6elda, et sama vana sain, aga noorema venna kindlasti.&#8221;&#13;\n<\/p>\n<p>Ta avaldas, et m\u00e4ngis v\u00e4ikest rolli Kristali liitumisel. Kuna K\u00e4it teadis, et klubi otsib uusi m\u00e4ngijaid, siis ta pakkus skautidele uurida koondisekaaslast, kelle profiil v\u00f5iks meeskonda h\u00e4sti sobituda. &#8220;Teadsin, et Patrikul on meestem\u00e4ngu vaja ja mina lihtsalt \u00fctlesin, et vaadake, mis te sellest valikust arvate,&#8221; selgitas K\u00e4it enda panust Kristali Thuni siirdumisel.<\/p>\n<p>Kogenum Eesti koondislane r\u00e4\u00e4kis, et ei oota selle eest nooremalt midagi t\u00e4nut\u00e4heks, sest klubi valik langes Kristalile ausa konkurentsi tulemusena ja seet\u00f5ttu juhtus \u00fcleminek teenitult. &#8220;L\u00f5puks klubi otsustab ise, kas m\u00e4ngija sobib meie stiiliga. Ega ma ei surunud midagi l\u00e4bi, seega ei ole otseselt millegi eest t\u00e4nada. Klubi valis ta ju ikkagi sellep\u00e4rast, et tal on vajalikud oskused ja n\u00e4hakse, et ta v\u00f5ib meid aidata. V\u00f5ib-olla \u00fctlesin lihtsalt \u00f5igel ajal Patriku nime v\u00e4lja ja l\u00e4ks h\u00e4sti.&#8221;&#13;\n<\/p>\n<p>Eestlased suhtlesid enne \u00fcleminekut omavahel, kuid selle k\u00e4igus ei pidanud K\u00e4it m\u00fc\u00fcgit\u00f6\u00f6d tegema, et veenda kaasmaalast klubisse tulema. Ta r\u00e4\u00e4kis, et Kristal oli ise litumisest huvitatud ja ootas v\u00e4ga, et saaks \u0160veitsi tulla. &#8220;Arvan, et see aitab teda. Kui ise tahad suure sooviga kuhugi tulla, siis see kindlasti on suureks abiks.&#8221;&#13;\n<\/p>\n<p>Detsembris v\u00f5ib juhtuda erakordne olukord, kus eurom\u00e4ngus on korraga v\u00e4ljakul kolm eestlast, sest Thun loositi Konverentsiliigas vastamisi Maksim Paskot\u0161i koduklubi Gentiga. &#8220;Kolm eestlast eurosarjas samal ajal platsil oleks kindlasti v\u00e4ga haruldane s\u00fcndmus. See, et me Paskot\u0161i vastu saime, on v\u00e4ga \u00e4ge ja kindlasti ootan seda duelli. Saab p\u00f5nev olema!&#8221; usub K\u00e4it.&#13;\n<\/p>\n<p><img decoding=\"async\" src=\"https:\/\/www.europesays.com\/ee\/wp-content\/uploads\/2026\/09\/1784881656.jpg\" alt=\"Mattias K\u00e4it seljatas vigastuse ja naasis p\u00fchap\u00e4eval v\u00e4ljakule. Foto: Scanpix \/ SPP Sport Press Photo \/ Alamy\"\/>&#13;\n<\/p>\n<p>Varbamure on m\u00f6\u00f6danik&#13;\n<\/p>\n<p>Esialgu n\u00e4eb eestlasi koos v\u00e4ljakul kahekesi ja see v\u00f5ib juhtuda \u00fcsna peagi, sest K\u00e4it on varbavigastusest taastunud ja tegi n\u00e4dalavahetusel hooaja esimese kohtumise. Ta sekkus Thuni 4:3 v\u00f5idum\u00e4ngus vahetusest 79. minutil ja aitas meeskonnal saavutada hooaja teised v\u00f5idupunktid. &#8220;Tervisega on n\u00fc\u00fcd \u00f5nneks korras ja varvas enam probleemi ei tee,&#8221; kinnitas K\u00e4it.<\/p>\n<p>Vigastuspaus kestis umbes poolteist kuud ja K\u00e4idi s\u00f5nul on koormust t\u00f5stetud v\u00e4ga ettevaatlikult. See on n\u00f5udnud m\u00e4ngijalt, et ta r\u00e4\u00e4giks ausalt enesetundest ning teavitaks klubi, kas keha talub intensiivsemat t\u00f6\u00f6d v\u00f5i tekitab see ebamugavust. &#8220;Muidugi vahepeal p\u00e4rast trenni, m\u00e4ngu v\u00f5i j\u00f5usaali on reaktsioon samal p\u00e4eval olemas, aga \u00f5nneks j\u00e4rgmisel p\u00e4eval on see l\u00e4inud,&#8221; kirjeldas K\u00e4it terviseseisundit. Ta r\u00e4\u00e4kis, et m\u00f6\u00f6dunud p\u00fchap\u00e4ev oli suur proovikivi, et n\u00e4ha, kuidas jalg peab m\u00e4ngukoormusele vastu. Ehkki \u00f5htul oli kerget valu tunda, siis \u00fcldine tagasiside pakkus meelerahu. K\u00e4it usub, et m\u00e4nguminutid hakkavad j\u00e4rk-j\u00e4rgult t\u00f5usma, kuid 90 minuti mees ta kohe ei ole.&#13;\n<\/p>\n<p>Valitsev \u0160veitsi meister on nelja m\u00e4ngu j\u00e4rel tabelis kuuendal kohal, olles saanud kahe v\u00f5idu k\u00f5rvale ka kaks kaotust. K\u00e4idi s\u00f5nul on t\u00e4navune eelmise hooajaga v\u00f5rreldes oodatult keerulisem, sest mitu v\u00f5tmetegijat on meeskonnast lahkunud, nagu ka klubi meistritiitlini t\u00fc\u00fcrinud ja seej\u00e4rel Berliini Unioni siirdunud peatreener Mauro Lustrinelli. K\u00e4it leiab, et Gian-Luca Privitelli k\u00e4e all vajab uue koosluse toimima saamine aega ning seet\u00f5ttu on raske hooaja algus arusaadav. &#8220;P\u00e4ris nipsust see kohe t\u00f6\u00f6le ei hakka,&#8221; \u00fctles ta.&#13;\n<\/p>\n<p>Eestlane r\u00e4\u00e4kis, et Thun pole uue treeneri juhendamisel kardinaalselt m\u00e4ngustiili muutnud ja p\u00f5him\u00f5tted, mis t\u00f5id edu ka eelmisel hooajal, on valdavalt s\u00e4ilinud. &#8220;V\u00f5ib-olla nipet-n\u00e4pet oleme uue treeneriga teised m\u00f5tted juurde toonud, kuidas mingeid olukordi lahendada tema n\u00e4gemuse j\u00e4rgi, aga \u00fcldpilt on pigem sama.&#8221; Kas K\u00e4idi roll on Privitelli saabumisega muutunud? &#8220;Loodan, et mitte!&#8221; vastas ta ning lisas, et kui ravis vigastust, siis peatreener andis korduvalt teada, et ootab teda tagasi platsile.<\/p>\n","protected":false},"excerpt":{"rendered":"&#13; Mattias K\u00e4it ja Patrik Kristal on alates teisip\u00e4evast lisaks koondisele n\u00fc\u00fcd ka klubikaaslased. 28-aastane poolkaitsja r\u00e4\u00e4kis uudise&hellip;\n","protected":false},"author":2,"featured_media":267724,"comment_status":"","ping_status":"","sticky":false,"template":"","format":"standard","meta":{"footnotes":"","_share_on_mastodon":"0"},"categories":[18],"tags":[37,33,35,34,36,3091,103676,6576,7310,7231,80870,3094,103677,5651,3096,921,103678,159,158,4588,8582],"class_list":["post-267723","post","type-post","status-publish","format-standard","has-post-thumbnail","category-sport","tag-ee","tag-eesti","tag-eesti-keel","tag-estonia","tag-estonian","tag-gent","tag-gian-luca-privitelli","tag-kait","tag-konverentsiliiga","tag-kristal","tag-lustrinelli","tag-maksim-paskotsi","tag-marco-lustrinelli","tag-mattias-kait","tag-paskotsi","tag-patrik-kristal","tag-privitelli","tag-sport","tag-sports","tag-sveits","tag-thun"],"share_on_mastodon":{"url":"https:\/\/pubeurope.com\/@ee\/117207860000918363","error":""},"_links":{"self":[{"href":"https:\/\/www.europesays.com\/ee\/wp-json\/wp\/v2\/posts\/267723","targetHints":{"allow":["GET"]}}],"collection":[{"href":"https:\/\/www.europesays.com\/ee\/wp-json\/wp\/v2\/posts"}],"about":[{"href":"https:\/\/www.europesays.com\/ee\/wp-json\/wp\/v2\/types\/post"}],"author":[{"embeddable":true,"href":"https:\/\/www.europesays.com\/ee\/wp-json\/wp\/v2\/users\/2"}],"replies":[{"embeddable":true,"href":"https:\/\/www.europesays.com\/ee\/wp-json\/wp\/v2\/comments?post=267723"}],"version-history":[{"count":0,"href":"https:\/\/www.europesays.com\/ee\/wp-json\/wp\/v2\/posts\/267723\/revisions"}],"wp:featuredmedia":[{"embeddable":true,"href":"https:\/\/www.europesays.com\/ee\/wp-json\/wp\/v2\/media\/267724"}],"wp:attachment":[{"href":"https:\/\/www.europesays.com\/ee\/wp-json\/wp\/v2\/media?parent=267723"}],"wp:term":[{"taxonomy":"category","embeddable":true,"href":"https:\/\/www.europesays.com\/ee\/wp-json\/wp\/v2\/categories?post=267723"},{"taxonomy":"post_tag","embeddable":true,"href":"https:\/\/www.europesays.com\/ee\/wp-json\/wp\/v2\/tags?post=267723"}],"curies":[{"name":"wp","href":"https:\/\/api.w.org\/{rel}","templated":true}]}}