{"id":267755,"date":"2026-09-03T16:14:11","date_gmt":"2026-09-03T16:14:11","guid":{"rendered":"https:\/\/www.europesays.com\/ee\/267755\/"},"modified":"2026-09-03T16:14:11","modified_gmt":"2026-09-03T16:14:11","slug":"the-telegraph-iraani-uus-juht-tugevdab-vanema-polvkonna-toel-oma-voimu-valismaa","status":"publish","type":"post","link":"https:\/\/www.europesays.com\/ee\/267755\/","title":{"rendered":"The Telegraph: Iraani uus juht tugevdab vanema p\u00f5lvkonna toel oma v\u00f5imu | V\u00e4lismaa"},"content":{"rendered":"<p>Ajaleht The Telegraph kirjutab, et Iraani re\u017eiimi juht Mojtaba Khamenei p\u00fc\u00fcab s\u00f5ja ja ebakindla sisepoliitilise olukorra taustal oma v\u00f5imu kindlustada ning toetub \u00fcha enam revolutsioonilise kaardiv\u00e4e (IRGC) vanemale p\u00f5lvkonnale.<\/p>\n<p>Mojtaba Khameneid pole avalikkuse ees n\u00e4htud alates veebruari l\u00f5pus toimunud r\u00fcnnakust, milles ta sai vigastada. Sel aastal ei saanud ta ka suvepuhkust nautida, vaid pidi oma positsiooni s\u00e4ilitamiseks riigi v\u00f5imustruktuuri \u00fcmber kujundama.<\/p>\n<p>Iraan on USA tugeva surve all ning Khamenei t\u00f5i IRGC vanakooli veteranid riigi s\u00f5jamasina etteotsa. Augustis p\u00f6\u00f6rdus ta IRGC vana kaardiv\u00e4e poole ja nimetas kuus kogenud s\u00f5jav\u00e4e- ja julgeolekutegelast olulistele ametikohtadele.<\/p>\n<p>Ahmad Vahid v\u00f5ttis ametlikult \u00fcle IRGC juhtimise, tema aset\u00e4itjaks m\u00e4\u00e4rati Mostafa Izadi. IRGC kunagine juht Mohsen Rezaei nimetati aga k\u00f5rgeima riikliku julgeolekun\u00f5ukogu juhiks.\u00a0<\/p>\n<p>Relvaj\u00f5udude staabi\u00fclemaks m\u00e4\u00e4rati Ali Abdollahi ja tema aset\u00e4itjaks Kiomars Heydari. Ali Ozmaei sai Iraani revolutsioonilise kaardiv\u00e4e (IRGC) merev\u00e4e \u00fclemaks.\u00a0<\/p>\n<p>K\u00f5ige t\u00e4helepanuv\u00e4\u00e4rsemaks peetakse Hossein Taebi nimetamist Basiji miilitsa juhiks. Kohalikud Basiji komand\u00f6rid juhivad omakorda r\u00fchmitusi, mis tagavad kontrolli t\u00e4navate \u00fcle.\u00a0<\/p>\n<p>Taeb juhtis varem IRGC luureorganisatsiooni ning oli seotud 2009. aasta protestide v\u00e4givaldse mahasurumisega. Anal\u00fc\u00fctikute hinnangul n\u00e4itab tema ametisse nimetamine, et Khamenei kardab uue \u00fclest\u00f5usu puhkemist.\u00a0<\/p>\n<p>Taebi s\u00fc\u00fcdistati varem fabritseeritud s\u00fc\u00fcdistuste koostamises ning ta sattus konflikti mitme fraktsiooniga, sealhulgas endise presidendi Mahmoud Ahmadinejadi liitlastega.\u00a0<\/p>\n<p>P\u00e4rast ametist vabastamist 2022. aastal kadus Taeb avalikkuse vaatev\u00e4ljast. N\u00fc\u00fcd on ta tagasi ning asjaga kursis olevad allikad \u00fctlesid ajalehele The Telegraph, et ta naasis selleks, et klaarida vanu arveid.\u00a0\u00a0<\/p>\n<p>K\u00f5ik Khamenei m\u00e4\u00e4ratud t\u00e4htsad ametnikud, v\u00e4lja arvatud Heydari, on IRGC asutajaliikmed. Organisatsioon loodi 1979. aastal p\u00e4rast Iraani revolutsiooni, et kaitsta uut islamire\u017eiimi ja ennetada riigip\u00f6\u00f6rdeid. IRGC allub otse riigi k\u00f5rgeimale juhile<\/p>\n<p>Khamenei enda seisund on endiselt ebaselge. Teda pole avalikkuse ees n\u00e4htud alates veebruari l\u00f5pus saadud vigastustest. Iraani ametnikud v\u00e4idavad, et isegi s\u00f5jav\u00e4ejuhid pole Khameneiga kohtunud ning tema tervise kohta saadakse infot peamiselt riigitelevisioonist.\u00a0<\/p>\n<p>&#8220;Olukord on v\u00e4ga tundlik ja habras. Paljud IRGC tippjuhid on surnud ja Mojtaba on p\u00f6\u00f6rdunud tagasi oma peamise toetusbaasi juurde,&#8221; \u00fctles \u00fcks Iraani ametnik ajalehele <a href=\"https:\/\/www.telegraph.co.uk\/world-news\/2026\/09\/03\/khamenei-turns-to-irgc-old-guard-to-shore-up-power\/\" target=\"_blank\" rel=\"noopener nofollow\">The Telegraph<\/a>.\u00a0<\/p>\n<p>V\u00f5imu keskmes on Khamenei kantselei, mille kaudu juhitakse suurt osa riigi tegelikust v\u00f5imust. Seet\u00f5ttu peab Khamenei paigutama enda inimesed nii kantseleisse kui ka julgeolekuasutustesse, et kontrollida oma isa loodud v\u00f5rgustikku.<\/p>\n<p>IRGC \u00fcks asutajaliikmeid Mohsen Sazegara prognoosib, et riigiaparaadis v\u00f5ivad ees oodata puhastused. &#8220;Kui s\u00f5jategevus vaibub, v\u00f5ib eeldada, et ta (Khamenei ) viib l\u00e4bi vallandamisi ja uusi ametisse nimetamisi ning t\u00f5en\u00e4oliselt ka puhastusi,&#8221; \u00fctles Sazegara.\u00a0<\/p>\n<p>Sazegara \u00fctles veel, et IRGC enda sees on erinevaid r\u00fchmitusi. RGC ridades on nii k\u00f5va liini pooldajaid, m\u00f5\u00f5dukaid, reformiste, \u00e4rimehi kui ka vargaid. Ka seal organisatsioonis toimuvad muutused, \u00fctles Sazegara.\u00a0<\/p>\n","protected":false},"excerpt":{"rendered":"Ajaleht The Telegraph kirjutab, et Iraani re\u017eiimi juht Mojtaba Khamenei p\u00fc\u00fcab s\u00f5ja ja ebakindla sisepoliitilise olukorra taustal oma&hellip;\n","protected":false},"author":2,"featured_media":267756,"comment_status":"","ping_status":"","sticky":false,"template":"","format":"standard","meta":{"footnotes":"","_share_on_mastodon":"0"},"categories":[80],"tags":[26,27,37,33,35,34,36,31,32,21,1925,28,29,95,55982,19,25,1049,23,24,22,325,20,30,92,93,94],"class_list":["post-267755","post","type-post","status-publish","format-standard","has-post-thumbnail","category-maailm","tag-breaking-news","tag-breakingnews","tag-ee","tag-eesti","tag-eesti-keel","tag-estonia","tag-estonian","tag-featured-news","tag-featurednews","tag-headlines","tag-iraan","tag-latest-news","tag-latestnews","tag-maailm","tag-mojtaba-khamenei","tag-news","tag-populaarseimad-lood","tag-soda","tag-top-stories","tag-topstories","tag-uldised-uudised","tag-usa","tag-uudised","tag-viimased-uudised","tag-world","tag-world-news","tag-worldnews"],"share_on_mastodon":{"url":"https:\/\/pubeurope.com\/@ee\/117208001054166057","error":""},"_links":{"self":[{"href":"https:\/\/www.europesays.com\/ee\/wp-json\/wp\/v2\/posts\/267755","targetHints":{"allow":["GET"]}}],"collection":[{"href":"https:\/\/www.europesays.com\/ee\/wp-json\/wp\/v2\/posts"}],"about":[{"href":"https:\/\/www.europesays.com\/ee\/wp-json\/wp\/v2\/types\/post"}],"author":[{"embeddable":true,"href":"https:\/\/www.europesays.com\/ee\/wp-json\/wp\/v2\/users\/2"}],"replies":[{"embeddable":true,"href":"https:\/\/www.europesays.com\/ee\/wp-json\/wp\/v2\/comments?post=267755"}],"version-history":[{"count":0,"href":"https:\/\/www.europesays.com\/ee\/wp-json\/wp\/v2\/posts\/267755\/revisions"}],"wp:featuredmedia":[{"embeddable":true,"href":"https:\/\/www.europesays.com\/ee\/wp-json\/wp\/v2\/media\/267756"}],"wp:attachment":[{"href":"https:\/\/www.europesays.com\/ee\/wp-json\/wp\/v2\/media?parent=267755"}],"wp:term":[{"taxonomy":"category","embeddable":true,"href":"https:\/\/www.europesays.com\/ee\/wp-json\/wp\/v2\/categories?post=267755"},{"taxonomy":"post_tag","embeddable":true,"href":"https:\/\/www.europesays.com\/ee\/wp-json\/wp\/v2\/tags?post=267755"}],"curies":[{"name":"wp","href":"https:\/\/api.w.org\/{rel}","templated":true}]}}