{"id":267759,"date":"2026-09-03T16:23:11","date_gmt":"2026-09-03T16:23:11","guid":{"rendered":"https:\/\/www.europesays.com\/ee\/267759\/"},"modified":"2026-09-03T16:23:11","modified_gmt":"2026-09-03T16:23:11","slug":"klops-sundis-john-lennoni-esimene-lapselaps-legendaarse-laulja-poeg-sai-isaks","status":"publish","type":"post","link":"https:\/\/www.europesays.com\/ee\/267759\/","title":{"rendered":"KL\u00d5PS | S\u00fcndis John Lennoni esimene lapselaps: legendaarse laulja poeg sai isaks"},"content":{"rendered":"<p>Muusik John Lennoni poeg Sean Ono Lennon (50) ja tema kallim Charlotte Muhl (39) teatasid oma \u00fchise poja s\u00fcnnist. Paar andis v\u00e4ikese ilmakodaniku saabumisest teada 1. septembri \u00f5htul sotsiaalmeedias. <\/p>\n<p>Sean ja Charlotte hoidsid Instagramis avaldatud postituses oma j\u00e4reltulijat hellalt k\u00e4tel ja vaatasid kaamerasse. \u201eCharlotte ja mina l\u00f5ime inimese. Tema nimi on Aurelius. Ait\u00e4h teile!\u201c teatas Sean. <\/p>\n<p>Pisipoeg on varalahkunud John Lennoni ja Yoko Ono esimene lapselaps. <\/p>\n<p>Nimi Aurelius p\u00e4rineb ladina keelest ja t\u00e4hendab kullatut. See s\u00fcmboliseerib hiilgust, s\u00e4ra ja p\u00e4ikest. <\/p>\n<p>Paar sai sotsiaalmeedias k\u00fcmneid \u00f5nnitlusi lapsevanemaks saamise puhul. Kuulsustest edastasid oma \u00f5nnesoovid n\u00e4iteks Paris Hilton ja Willow Smith. <\/p>\n<p>Sean ja Charlotte kohtusid 2005. aastal Coachella festivalil. Nad on suhtes olnud 2007. aastast, vahendab Independent. Charlotte on muusik ja modell.<\/p>\n<p>\u201eMeie suhe arenes kirjade kirjutamise, postkaartide ja meilide kaudu ning see tegi meie suhte pikas perspektiivis tugevaks,\u201c r\u00e4\u00e4kis Sean 2010. aastal \u00fches intervjuus. <\/p>\n<p>Seani isa John Lennon oli kuulus eelk\u00f5ige t\u00e4nu b\u00e4ndile The Beatles, mis asutati 1960. aastal. Lisaks Lennonile m\u00e4ngisid b\u00e4ndis Paul McCartney, George Harrison ja Ringo Starr. John Lennon suri 40-aastaselt 1980. aastal, ta m\u00f5rvati New Yorgis. <\/p>\n<p>Kuidas see lugu Sind end tundma pani?Saada<a href=\"https:\/\/kroonika.delfi.ee\/artikkel\/120608121\/klops-sundis-john-lennoni-esimene-lapselaps-legendaarse-laulja-poeg-sai-isaks\/kommentaarid\" class=\"button button--primary button--size-auto article-body-bottom__comment article-body-bottom__comment--write\" style=\"\" rel=\"nofollow noopener\" target=\"_blank\">Kommenteeri<\/a><a href=\"https:\/\/kroonika.delfi.ee\/artikkel\/120608121\/klops-sundis-john-lennoni-esimene-lapselaps-legendaarse-laulja-poeg-sai-isaks\/kommentaarid\" class=\"button button--size-auto article-body-bottom__comment article-body-bottom__comment--read\" style=\"\" rel=\"nofollow noopener\" target=\"_blank\">Loe kommentaare (3)<\/a><\/p>\n","protected":false},"excerpt":{"rendered":"Muusik John Lennoni poeg Sean Ono Lennon (50) ja tema kallim Charlotte Muhl (39) teatasid oma \u00fchise poja&hellip;\n","protected":false},"author":2,"featured_media":267760,"comment_status":"","ping_status":"","sticky":false,"template":"","format":"standard","meta":{"footnotes":"","_share_on_mastodon":"0"},"categories":[16],"tags":[37,33,35,173,34,36,10498,140,10499],"class_list":["post-267759","post","type-post","status-publish","format-standard","has-post-thumbnail","category-meelelahutus","tag-ee","tag-eesti","tag-eesti-keel","tag-entertainment","tag-estonia","tag-estonian","tag-john-lennon","tag-meelelahutus","tag-the-beatles"],"share_on_mastodon":{"url":"https:\/\/pubeurope.com\/@ee\/117208036570439640","error":""},"_links":{"self":[{"href":"https:\/\/www.europesays.com\/ee\/wp-json\/wp\/v2\/posts\/267759","targetHints":{"allow":["GET"]}}],"collection":[{"href":"https:\/\/www.europesays.com\/ee\/wp-json\/wp\/v2\/posts"}],"about":[{"href":"https:\/\/www.europesays.com\/ee\/wp-json\/wp\/v2\/types\/post"}],"author":[{"embeddable":true,"href":"https:\/\/www.europesays.com\/ee\/wp-json\/wp\/v2\/users\/2"}],"replies":[{"embeddable":true,"href":"https:\/\/www.europesays.com\/ee\/wp-json\/wp\/v2\/comments?post=267759"}],"version-history":[{"count":0,"href":"https:\/\/www.europesays.com\/ee\/wp-json\/wp\/v2\/posts\/267759\/revisions"}],"wp:featuredmedia":[{"embeddable":true,"href":"https:\/\/www.europesays.com\/ee\/wp-json\/wp\/v2\/media\/267760"}],"wp:attachment":[{"href":"https:\/\/www.europesays.com\/ee\/wp-json\/wp\/v2\/media?parent=267759"}],"wp:term":[{"taxonomy":"category","embeddable":true,"href":"https:\/\/www.europesays.com\/ee\/wp-json\/wp\/v2\/categories?post=267759"},{"taxonomy":"post_tag","embeddable":true,"href":"https:\/\/www.europesays.com\/ee\/wp-json\/wp\/v2\/tags?post=267759"}],"curies":[{"name":"wp","href":"https:\/\/api.w.org\/{rel}","templated":true}]}}