{"id":267763,"date":"2026-09-03T16:27:12","date_gmt":"2026-09-03T16:27:12","guid":{"rendered":"https:\/\/www.europesays.com\/ee\/267763\/"},"modified":"2026-09-03T16:27:12","modified_gmt":"2026-09-03T16:27:12","slug":"korduvalt-napsusena-rooli-keeranud-mees-kurb-on-et-autost-olen-nuud-ilma","status":"publish","type":"post","link":"https:\/\/www.europesays.com\/ee\/267763\/","title":{"rendered":"Korduvalt napsusena rooli keeranud mees: kurb on, et autost olen n\u00fc\u00fcd ilma"},"content":{"rendered":"<p>Neljap\u00e4eva hommikul arutati Tartu maakohtus 54-aastase Tartu mehe liikluskuritegu. Mees j\u00e4i joobes juhtimisega vahele kolmel korral. \u00abMuidugi kahetsen. Nii palju kahju olen saanud,\u00bb t\u00f5deb ta.<\/p>\n<p>54-aastane Toomas \u00fctleb, et juhiload on tal olnud juba 36 aastat. Kriminaalkaristuse saab mees esmakordselt ja seda mootors\u00f5iduki juhtimise eest joobeseisundis.<\/p>\n","protected":false},"excerpt":{"rendered":"Neljap\u00e4eva hommikul arutati Tartu maakohtus 54-aastase Tartu mehe liikluskuritegu. Mees j\u00e4i joobes juhtimisega vahele kolmel korral. \u00abMuidugi kahetsen.&hellip;\n","protected":false},"author":2,"featured_media":267764,"comment_status":"","ping_status":"","sticky":false,"template":"","format":"standard","meta":{"footnotes":"","_share_on_mastodon":"0"},"categories":[12],"tags":[26,27,37,33,35,137,152,153,151,34,36,31,32,148,21,154,142,28,29,143,140,144,19,141,146,25,147,145,138,150,155,139,23,24,22,20,149,30],"class_list":["post-267763","post","type-post","status-publish","format-standard","has-post-thumbnail","category-eesti","tag-breaking-news","tag-breakingnews","tag-ee","tag-eesti","tag-eesti-keel","tag-elu","tag-elu-24","tag-elu24-ee","tag-erna-husko","tag-estonia","tag-estonian","tag-featured-news","tag-featurednews","tag-foto","tag-headlines","tag-koroonaviirus","tag-kuulsus","tag-latest-news","tag-latestnews","tag-live","tag-meelelahutus","tag-muusika","tag-news","tag-pidu","tag-pommuudis","tag-populaarseimad-lood","tag-reality","tag-saade","tag-saagim","tag-seks","tag-silvia-ilves","tag-staar","tag-top-stories","tag-topstories","tag-uldised-uudised","tag-uudised","tag-video","tag-viimased-uudised"],"share_on_mastodon":{"url":"https:\/\/pubeurope.com\/@ee\/117208052294915761","error":""},"_links":{"self":[{"href":"https:\/\/www.europesays.com\/ee\/wp-json\/wp\/v2\/posts\/267763","targetHints":{"allow":["GET"]}}],"collection":[{"href":"https:\/\/www.europesays.com\/ee\/wp-json\/wp\/v2\/posts"}],"about":[{"href":"https:\/\/www.europesays.com\/ee\/wp-json\/wp\/v2\/types\/post"}],"author":[{"embeddable":true,"href":"https:\/\/www.europesays.com\/ee\/wp-json\/wp\/v2\/users\/2"}],"replies":[{"embeddable":true,"href":"https:\/\/www.europesays.com\/ee\/wp-json\/wp\/v2\/comments?post=267763"}],"version-history":[{"count":0,"href":"https:\/\/www.europesays.com\/ee\/wp-json\/wp\/v2\/posts\/267763\/revisions"}],"wp:featuredmedia":[{"embeddable":true,"href":"https:\/\/www.europesays.com\/ee\/wp-json\/wp\/v2\/media\/267764"}],"wp:attachment":[{"href":"https:\/\/www.europesays.com\/ee\/wp-json\/wp\/v2\/media?parent=267763"}],"wp:term":[{"taxonomy":"category","embeddable":true,"href":"https:\/\/www.europesays.com\/ee\/wp-json\/wp\/v2\/categories?post=267763"},{"taxonomy":"post_tag","embeddable":true,"href":"https:\/\/www.europesays.com\/ee\/wp-json\/wp\/v2\/tags?post=267763"}],"curies":[{"name":"wp","href":"https:\/\/api.w.org\/{rel}","templated":true}]}}