{"id":267781,"date":"2026-09-03T16:49:09","date_gmt":"2026-09-03T16:49:09","guid":{"rendered":"https:\/\/www.europesays.com\/ee\/267781\/"},"modified":"2026-09-03T16:49:09","modified_gmt":"2026-09-03T16:49:09","slug":"video-%e2%9f%a9-ootamatu-vaatepilt-tallinna-parnu-maanteel-ilvesepere-sattus-teetoode-keskele","status":"publish","type":"post","link":"https:\/\/www.europesays.com\/ee\/267781\/","title":{"rendered":"VIDEO \u27e9 Ootamatu vaatepilt Tallinna-P\u00e4rnu maanteel: ilvesepere sattus teet\u00f6\u00f6de keskele"},"content":{"rendered":"<p>\u00dchel pealtn\u00e4gijal \u00f5nnestus olukord ka telefoniga j\u00e4\u00e4dvustada. Videost on n\u00e4ha, kuidas ilves seisab maantee k\u00f5rval ehitust\u00f6\u00f6dest paljaks kaevatud n\u00f5lval ja ootab midagi. Looma l\u00e4heduses k\u00e4ib samal ajal tavap\u00e4rane liiklus ning n\u00e4ha on teet\u00f6\u00f6masinaid ja ajutist liikluskorraldust.<\/p>\n<p>Pealtn\u00e4gija s\u00f5nul polnud t\u00e4iskasvanud ilves aga \u00fcksi. Temaga oli kaasas poeg, kes j\u00e4i teisele poole maanteed ning seet\u00f5ttu pole videos n\u00e4ha.<\/p>\n<p>Ilvese n\u00e4gemine sedav\u00f5rd avatud kohas keset p\u00e4eva on pigem tavap\u00e4ratu. Ilves on valdavalt varjulise eluviisiga suurkiskja, kelle kohalolekut reedavad inimesele sagedamini j\u00e4ljed kui loom ise.<\/p>\n<p>Eestis on ilvese asurkond viimastel aastatel p\u00fcsinud suhteliselt stabiilsena. Keskkonnaagentuuri t\u00e4navuse ulukiseire j\u00e4rgi hinnati 2025. aasta s\u00fcgisel Eesti ilveste koguarvuks ligikaudu 650\u2013800 isendit. Poegadega emailveseid eristati vaatlusandmetes v\u00e4hemalt 80. V\u00f5rreldes aasta varasemaga v\u00e4henes tuvastatud ilvese pesakondade arv umbes viiendiku v\u00f5rra, kuigi \u00fcldarvukus j\u00e4i hinnanguliselt samale tasemele.<\/p>\n","protected":false},"excerpt":{"rendered":"\u00dchel pealtn\u00e4gijal \u00f5nnestus olukord ka telefoniga j\u00e4\u00e4dvustada. Videost on n\u00e4ha, kuidas ilves seisab maantee k\u00f5rval ehitust\u00f6\u00f6dest paljaks kaevatud&hellip;\n","protected":false},"author":2,"featured_media":267782,"comment_status":"","ping_status":"","sticky":false,"template":"","format":"standard","meta":{"footnotes":"","_share_on_mastodon":"0"},"categories":[12],"tags":[26,27,37,33,35,14620,34,36,31,32,103700,21,1684,103701,6997,28,29,1602,75090,24503,19,25,28861,103699,23002,23,24,22,91128,20,30],"class_list":["post-267781","post","type-post","status-publish","format-standard","has-post-thumbnail","category-eesti","tag-breaking-news","tag-breakingnews","tag-ee","tag-eesti","tag-eesti-keel","tag-elurikkus","tag-estonia","tag-estonian","tag-featured-news","tag-featurednews","tag-haimre-liiklussolm","tag-headlines","tag-ilves","tag-ilvese-asurkond","tag-keskkonnaagentuur","tag-latest-news","tag-latestnews","tag-liiklus","tag-loodusvaatlus","tag-metsloomad","tag-news","tag-populaarseimad-lood","tag-suurkiskjad","tag-tallinn-parnu-maantee","tag-teetood","tag-top-stories","tag-topstories","tag-uldised-uudised","tag-ulukiseire","tag-uudised","tag-viimased-uudised"],"share_on_mastodon":{"url":"","error":""},"_links":{"self":[{"href":"https:\/\/www.europesays.com\/ee\/wp-json\/wp\/v2\/posts\/267781","targetHints":{"allow":["GET"]}}],"collection":[{"href":"https:\/\/www.europesays.com\/ee\/wp-json\/wp\/v2\/posts"}],"about":[{"href":"https:\/\/www.europesays.com\/ee\/wp-json\/wp\/v2\/types\/post"}],"author":[{"embeddable":true,"href":"https:\/\/www.europesays.com\/ee\/wp-json\/wp\/v2\/users\/2"}],"replies":[{"embeddable":true,"href":"https:\/\/www.europesays.com\/ee\/wp-json\/wp\/v2\/comments?post=267781"}],"version-history":[{"count":0,"href":"https:\/\/www.europesays.com\/ee\/wp-json\/wp\/v2\/posts\/267781\/revisions"}],"wp:featuredmedia":[{"embeddable":true,"href":"https:\/\/www.europesays.com\/ee\/wp-json\/wp\/v2\/media\/267782"}],"wp:attachment":[{"href":"https:\/\/www.europesays.com\/ee\/wp-json\/wp\/v2\/media?parent=267781"}],"wp:term":[{"taxonomy":"category","embeddable":true,"href":"https:\/\/www.europesays.com\/ee\/wp-json\/wp\/v2\/categories?post=267781"},{"taxonomy":"post_tag","embeddable":true,"href":"https:\/\/www.europesays.com\/ee\/wp-json\/wp\/v2\/tags?post=267781"}],"curies":[{"name":"wp","href":"https:\/\/api.w.org\/{rel}","templated":true}]}}