{"id":267787,"date":"2026-09-03T17:00:17","date_gmt":"2026-09-03T17:00:17","guid":{"rendered":"https:\/\/www.europesays.com\/ee\/267787\/"},"modified":"2026-09-03T17:00:17","modified_gmt":"2026-09-03T17:00:17","slug":"usa-s-minneapolises-hukkus-tulistamises-kolm-inimest-sealhulgas-kahtlusalune-haavata-said-politseinikud","status":"publish","type":"post","link":"https:\/\/www.europesays.com\/ee\/267787\/","title":{"rendered":"USA-s Minneapolises hukkus tulistamises kolm inimest, sealhulgas kahtlusalune. Haavata said politseinikud"},"content":{"rendered":"<p>Viie haavatu hulgas on kaks politseinikku. Kuues isik, samuti politseinik, sai viga muul viisil kui tulistamise l\u00e4bi, teatas politseiseersant Garrett Parten pressikonverentsil. K\u00f5ik kolm kannatada saanud politseinikku on stabiilses seisundis, teatas Hennepini maakonna meditsiinikeskus, vahendab Associated Press.<\/p>\n<p>H\u00e4daabik\u00f5ne tulistamise kohta saabus kohaliku aja j\u00e4rgi veidi p\u00e4rast kella 16.30. Politseinikud olid alla kahe minuti hiljem hoones ja leidsid kiiresti ohvrid, teatas politsei\u00fclema kohuset\u00e4itja Bill Peterson.<\/p>\n<p>Politseinikud kuulsid veel laske ja l\u00e4ksid k\u00f5rgemale korrusele, kus oli \u00f5hus mingi vine, mis piiras oluliselt n\u00e4htavust.<\/p>\n<p>\u00dcht politseinikku tulistati jalga ja teist kaks korda k\u00f5htu, teatas Peterson. K\u00f5ik viga saanud politseinikud peaksid t\u00e4ielikult paranema.<\/p>\n<p>V\u00f5imud ei avaldanud tulistaja kohta \u00fcksikasju, aga teatasid, et ta on varasemast politseile teada.<\/p>\n<p>\u00dcks ohver suri tulistamise tagaj\u00e4rjel kohapeal ja teine p\u00e4rast haiglasse saabumist.<\/p>\n<p>Parteni s\u00f5nul ei ole esialgu selge, kuidas tulistaja suri.<\/p>\n<p>Hennepini maakonna meditsiinikeskus teatas, et sinna toodi seitse patsienti.<\/p>\n<p>Kuidas see lugu Sind end tundma pani?Saada<a href=\"https:\/\/www.delfi.ee\/artikkel\/120608027\/usa-s-minneapolises-hukkus-tulistamises-kolm-inimest-sealhulgas-kahtlusalune-haavata-said-politseinikud\/kommentaarid\" class=\"button button--primary button--size-auto article-body-bottom__comment article-body-bottom__comment--write\" style=\"\" rel=\"nofollow noopener\" target=\"_blank\">Kommenteeri<\/a><a href=\"https:\/\/www.delfi.ee\/artikkel\/120608027\/usa-s-minneapolises-hukkus-tulistamises-kolm-inimest-sealhulgas-kahtlusalune-haavata-said-politseinikud\/kommentaarid\" class=\"button button--size-auto article-body-bottom__comment article-body-bottom__comment--read\" style=\"\" rel=\"nofollow noopener\" target=\"_blank\">Loe kommentaare (4)<\/a><\/p>\n","protected":false},"excerpt":{"rendered":"Viie haavatu hulgas on kaks politseinikku. Kuues isik, samuti politseinik, sai viga muul viisil kui tulistamise l\u00e4bi, teatas&hellip;\n","protected":false},"author":2,"featured_media":267788,"comment_status":"","ping_status":"","sticky":false,"template":"","format":"standard","meta":{"footnotes":"","_share_on_mastodon":"0"},"categories":[80],"tags":[26,27,37,33,35,34,36,31,32,21,28,29,95,9302,19,25,23,24,22,325,20,30,92,93,94],"class_list":["post-267787","post","type-post","status-publish","format-standard","has-post-thumbnail","category-maailm","tag-breaking-news","tag-breakingnews","tag-ee","tag-eesti","tag-eesti-keel","tag-estonia","tag-estonian","tag-featured-news","tag-featurednews","tag-headlines","tag-latest-news","tag-latestnews","tag-maailm","tag-minneapolis","tag-news","tag-populaarseimad-lood","tag-top-stories","tag-topstories","tag-uldised-uudised","tag-usa","tag-uudised","tag-viimased-uudised","tag-world","tag-world-news","tag-worldnews"],"share_on_mastodon":{"url":"https:\/\/pubeurope.com\/@ee\/117208182195645545","error":""},"_links":{"self":[{"href":"https:\/\/www.europesays.com\/ee\/wp-json\/wp\/v2\/posts\/267787","targetHints":{"allow":["GET"]}}],"collection":[{"href":"https:\/\/www.europesays.com\/ee\/wp-json\/wp\/v2\/posts"}],"about":[{"href":"https:\/\/www.europesays.com\/ee\/wp-json\/wp\/v2\/types\/post"}],"author":[{"embeddable":true,"href":"https:\/\/www.europesays.com\/ee\/wp-json\/wp\/v2\/users\/2"}],"replies":[{"embeddable":true,"href":"https:\/\/www.europesays.com\/ee\/wp-json\/wp\/v2\/comments?post=267787"}],"version-history":[{"count":0,"href":"https:\/\/www.europesays.com\/ee\/wp-json\/wp\/v2\/posts\/267787\/revisions"}],"wp:featuredmedia":[{"embeddable":true,"href":"https:\/\/www.europesays.com\/ee\/wp-json\/wp\/v2\/media\/267788"}],"wp:attachment":[{"href":"https:\/\/www.europesays.com\/ee\/wp-json\/wp\/v2\/media?parent=267787"}],"wp:term":[{"taxonomy":"category","embeddable":true,"href":"https:\/\/www.europesays.com\/ee\/wp-json\/wp\/v2\/categories?post=267787"},{"taxonomy":"post_tag","embeddable":true,"href":"https:\/\/www.europesays.com\/ee\/wp-json\/wp\/v2\/tags?post=267787"}],"curies":[{"name":"wp","href":"https:\/\/api.w.org\/{rel}","templated":true}]}}