{"id":267797,"date":"2026-09-03T17:12:13","date_gmt":"2026-09-03T17:12:13","guid":{"rendered":"https:\/\/www.europesays.com\/ee\/267797\/"},"modified":"2026-09-03T17:12:13","modified_gmt":"2026-09-03T17:12:13","slug":"20-orkaan-toob-laane-eestisse-ja-saartele-ligi-1500-riigikaitsesse-panustajat","status":"publish","type":"post","link":"https:\/\/www.europesays.com\/ee\/267797\/","title":{"rendered":"20. ORKAAN toob L\u00e4\u00e4ne-Eestisse ja saartele ligi 1500 riigikaitsesse panustajat"},"content":{"rendered":"<p class=\"MsoBodyText\">\u00d5ppuse tegevused toimuvad Saaremaal 3.\u201313. septembrini ning P\u00e4rnu-, L\u00e4\u00e4ne- ja Hiiumaal 10.\u201320. septembrini. Kaitseliidu \u00fcksused harjutavad oma s\u00f5jaaja \u00fclesannete t\u00e4itmist ning koost\u00f6\u00f6d teiste riigikaitses ja siseturvalisuses osalevate ametkondade ja kohalike omavalitsustega.<\/p>\n<p class=\"MsoBodyText\">&#8220;\u00d5ppus Orkaan muudab meie maakaitse tugevamaks. Kaitseliit peab valmis olema t\u00e4itma talle s\u00f5jaajal pandud \u00fclesandeid ning selleks tuleb harjutada v\u00f5imalikult reaalsetes tingimustes. Orkaan annab meie \u00fcksustele v\u00f5imaluse oma valmisolekut hinnata ja koost\u00f6\u00f6d praktikas proovile panna,&#8221; \u00fctles Kaitseliidu P\u00e4rnumaa maleva pealik Raigo Paimla.<\/p>\n<p class=\"MsoBodyText\">Kaitseliidu vabatahtlike \u00fcksused on aasta jooksul harjutanud \u00fcksikv\u00f5itleja oskusi, jao, r\u00fchma ja kompanii tasemel koost\u00f6\u00f6d ning s\u00f5jalist juhtimist. Lisaks on harjutatud mittes\u00f5jalisi tegevusi kriisis ja s\u00f5jaolukorras ning koost\u00f6\u00f6d teiste asutuste ja kohalike omavalitsustega. Reservv\u00e4elaste \u00fcksuste liikmed v\u00e4rskendavad \u00f5ppusel oma s\u00f5durioskusi ja asuvad v\u00e4liharjutusel tegutsema koos Kaitseliidu vabatahtlikega.<br \/>T\u00e4navuse Orkaani fookuses on linnalahingud ning seet\u00f5ttu toimub rohkem tegevust asulates ja linnades.<\/p>\n<p class=\"MsoBodyText\">Kaitseliidu malevkondade v\u00f5itlejad on enamasti m\u00e4\u00e4ratud nende kodukandis tegutsevate s\u00f5jaaja \u00fcksuste koosseisu. See v\u00f5imaldab maakaitsel tugineda inimestele, kes tunnevad oma piirkonda ning kellel on seal olemas sidemed kohaliku kogukonnaga.<\/p>\n<p class=\"MsoBodyText\">Kaitseliit ja kaitsev\u00e4gi annavad endast parima, et kasutada \u00f5ppuseks koosk\u00f5lastatud alasid heaperemehelikult ja m\u00f5jutada \u00f5ppuse ajal v\u00f5imalikult v\u00e4he tavap\u00e4rast argielu. \u00d5ppust puudutavate kiireloomulisemate k\u00fcsimuste korral saavad elanikud kontakteeruda Kaitseliidu tsiviil-s\u00f5jalise koost\u00f6\u00f6 spetsialistiga.<\/p>\n","protected":false},"excerpt":{"rendered":"\u00d5ppuse tegevused toimuvad Saaremaal 3.\u201313. septembrini ning P\u00e4rnu-, L\u00e4\u00e4ne- ja Hiiumaal 10.\u201320. septembrini. Kaitseliidu \u00fcksused harjutavad oma s\u00f5jaaja&hellip;\n","protected":false},"author":2,"featured_media":267798,"comment_status":"","ping_status":"","sticky":false,"template":"","format":"standard","meta":{"footnotes":"","_share_on_mastodon":"0"},"categories":[12],"tags":[26,27,37,33,35,34,36,31,32,21,3218,103702,8168,12957,28,29,79952,19,5416,350,25,30670,4624,948,23,24,22,20,30],"class_list":["post-267797","post","type-post","status-publish","format-standard","has-post-thumbnail","category-eesti","tag-breaking-news","tag-breakingnews","tag-ee","tag-eesti","tag-eesti-keel","tag-estonia","tag-estonian","tag-featured-news","tag-featurednews","tag-headlines","tag-hiiumaa","tag-kaitseliidu-laane-maakaitseringkond","tag-kaitseliit","tag-laanemaa","tag-latest-news","tag-latestnews","tag-linnalahingud","tag-news","tag-orkaan","tag-parnumaa","tag-populaarseimad-lood","tag-reservvaelased","tag-riigikaitse","tag-saaremaa","tag-top-stories","tag-topstories","tag-uldised-uudised","tag-uudised","tag-viimased-uudised"],"share_on_mastodon":{"url":"https:\/\/pubeurope.com\/@ee\/117208229267643333","error":""},"_links":{"self":[{"href":"https:\/\/www.europesays.com\/ee\/wp-json\/wp\/v2\/posts\/267797","targetHints":{"allow":["GET"]}}],"collection":[{"href":"https:\/\/www.europesays.com\/ee\/wp-json\/wp\/v2\/posts"}],"about":[{"href":"https:\/\/www.europesays.com\/ee\/wp-json\/wp\/v2\/types\/post"}],"author":[{"embeddable":true,"href":"https:\/\/www.europesays.com\/ee\/wp-json\/wp\/v2\/users\/2"}],"replies":[{"embeddable":true,"href":"https:\/\/www.europesays.com\/ee\/wp-json\/wp\/v2\/comments?post=267797"}],"version-history":[{"count":0,"href":"https:\/\/www.europesays.com\/ee\/wp-json\/wp\/v2\/posts\/267797\/revisions"}],"wp:featuredmedia":[{"embeddable":true,"href":"https:\/\/www.europesays.com\/ee\/wp-json\/wp\/v2\/media\/267798"}],"wp:attachment":[{"href":"https:\/\/www.europesays.com\/ee\/wp-json\/wp\/v2\/media?parent=267797"}],"wp:term":[{"taxonomy":"category","embeddable":true,"href":"https:\/\/www.europesays.com\/ee\/wp-json\/wp\/v2\/categories?post=267797"},{"taxonomy":"post_tag","embeddable":true,"href":"https:\/\/www.europesays.com\/ee\/wp-json\/wp\/v2\/tags?post=267797"}],"curies":[{"name":"wp","href":"https:\/\/api.w.org\/{rel}","templated":true}]}}