{"id":267799,"date":"2026-09-03T17:13:25","date_gmt":"2026-09-03T17:13:25","guid":{"rendered":"https:\/\/www.europesays.com\/ee\/267799\/"},"modified":"2026-09-03T17:13:25","modified_gmt":"2026-09-03T17:13:25","slug":"ryanair-karbib-lende-ja-hoiatab-valusa-hinnatousu-eest","status":"publish","type":"post","link":"https:\/\/www.europesays.com\/ee\/267799\/","title":{"rendered":"Ryanair k\u00e4rbib lende ja hoiatab valusa hinnat\u00f5usu eest"},"content":{"rendered":"<p class=\"isSelectedEnd\"><a target=\"_blank\" rel=\"noopener noreferrer nofollow\" href=\"https:\/\/www.ft.com\/content\/e0e95d40-4fae-43ea-9b22-f1d292e94ba3?syn-25a6b1a6=1\">The Financial Times<\/a> kirjutab, et samal ajal v\u00e4hendab Ryanair talvehooajal lendude arvu, et piirata kahjumit. Lennufirma prognoosib j\u00e4rgmise aasta m\u00e4rtsini veetavate reisijate arvuks n\u00fc\u00fcd 214 miljonit, v\u00f5rreldes varasema 216 miljoniga.<\/p>\n<p class=\"isSelectedEnd\">Ryanair on kuni m\u00e4rtsini oma k\u00fctusekuludest 80 protsenti hinnak\u00f5ikumiste eest ette kaitsnud. Lennumahtusid v\u00e4hendades loodab ettev\u00f5te k\u00e4rpida talvehooaja kahjumit 170 miljonilt eurolt umbes 100 miljonile eurole.<\/p>\n<p class=\"isSelectedEnd\">Ryanairi s\u00f5nul on praeguse, umbes 140 dollarini barreli kohta kerkinud naftahinna juures m\u00f5istlik v\u00e4hendada nende k\u00fctusekulude osakaalu, mille hind pole ette fikseeritud.<\/p>\n<p class=\"isSelectedEnd\">Kui k\u00f5rge naftahind p\u00fcsib ka 2027. aasta suveni, v\u00f5ivad Euroopa l\u00fchilendude piletihinnad Ryanairi hinnangul m\u00e4rgatavalt t\u00f5usta. Eriti keeruline v\u00f5ib olukord olla konkurentidel, kes pole oma k\u00fctusekulusid piisavalt ette maandanud. Neil v\u00f5ib olla raske senist lennumahu s\u00e4ilitada v\u00f5i isegi tegevust j\u00e4tkata.<\/p>\n<p class=\"isSelectedEnd\">Ryanair loodab keerulisemast olukorrast hoolimata l\u00f5petada aasta kasumlikult, kuigi tulemus j\u00e4\u00e4b alla 2026. aasta rekordtasemele. Lennufirma aktsia t\u00f5usis kolmap\u00e4eval 1,1 protsenti.<\/p>\n<p>Samas prognoosib Ryanair suvehooajaks, mis kestab aprillist oktoobrini, reisijate arvu kasvu rohkem kui 5 protsenti ehk 138 miljonist 145 miljonini.<\/p>\n","protected":false},"excerpt":{"rendered":"The Financial Times kirjutab, et samal ajal v\u00e4hendab Ryanair talvehooajal lendude arvu, et piirata kahjumit. Lennufirma prognoosib j\u00e4rgmise&hellip;\n","protected":false},"author":2,"featured_media":267800,"comment_status":"","ping_status":"","sticky":false,"template":"","format":"standard","meta":{"footnotes":"","_share_on_mastodon":"0"},"categories":[5],"tags":[26,27,37,33,35,34,36,31,32,21,103703,28,29,383,100553,26988,13969,19,25,3322,15767,23,24,22,20,30],"class_list":["post-267799","post","type-post","status-publish","format-standard","has-post-thumbnail","category-uldised-uudised","tag-breaking-news","tag-breakingnews","tag-ee","tag-eesti","tag-eesti-keel","tag-estonia","tag-estonian","tag-featured-news","tag-featurednews","tag-headlines","tag-kutusekulud","tag-latest-news","tag-latestnews","tag-lennundus","tag-lennupiletite-hinnad","tag-lennureisijad","tag-naftahind","tag-news","tag-populaarseimad-lood","tag-ryanair","tag-talvehooaeg","tag-top-stories","tag-topstories","tag-uldised-uudised","tag-uudised","tag-viimased-uudised"],"share_on_mastodon":{"url":"https:\/\/pubeurope.com\/@ee\/117208233205650694","error":""},"_links":{"self":[{"href":"https:\/\/www.europesays.com\/ee\/wp-json\/wp\/v2\/posts\/267799","targetHints":{"allow":["GET"]}}],"collection":[{"href":"https:\/\/www.europesays.com\/ee\/wp-json\/wp\/v2\/posts"}],"about":[{"href":"https:\/\/www.europesays.com\/ee\/wp-json\/wp\/v2\/types\/post"}],"author":[{"embeddable":true,"href":"https:\/\/www.europesays.com\/ee\/wp-json\/wp\/v2\/users\/2"}],"replies":[{"embeddable":true,"href":"https:\/\/www.europesays.com\/ee\/wp-json\/wp\/v2\/comments?post=267799"}],"version-history":[{"count":0,"href":"https:\/\/www.europesays.com\/ee\/wp-json\/wp\/v2\/posts\/267799\/revisions"}],"wp:featuredmedia":[{"embeddable":true,"href":"https:\/\/www.europesays.com\/ee\/wp-json\/wp\/v2\/media\/267800"}],"wp:attachment":[{"href":"https:\/\/www.europesays.com\/ee\/wp-json\/wp\/v2\/media?parent=267799"}],"wp:term":[{"taxonomy":"category","embeddable":true,"href":"https:\/\/www.europesays.com\/ee\/wp-json\/wp\/v2\/categories?post=267799"},{"taxonomy":"post_tag","embeddable":true,"href":"https:\/\/www.europesays.com\/ee\/wp-json\/wp\/v2\/tags?post=267799"}],"curies":[{"name":"wp","href":"https:\/\/api.w.org\/{rel}","templated":true}]}}