{"id":267807,"date":"2026-09-03T17:22:08","date_gmt":"2026-09-03T17:22:08","guid":{"rendered":"https:\/\/www.europesays.com\/ee\/267807\/"},"modified":"2026-09-03T17:22:08","modified_gmt":"2026-09-03T17:22:08","slug":"wsj-vastuseis-andmekeskustele-uhendab-usa-vasak-ja-parempopuliste-valismaa","status":"publish","type":"post","link":"https:\/\/www.europesays.com\/ee\/267807\/","title":{"rendered":"WSJ: vastuseis andmekeskustele \u00fchendab USA vasak- ja parempopuliste | V\u00e4lismaa"},"content":{"rendered":"<p>Ajaleht The Wall Street Journal kirjutab, et vastuseis andmekeskustele toob USA poliitikas kokku eri leeride esindajaid. Parempopulistlik meediategelane Steve Bannon on leidnud selles k\u00fcsimuses \u00fchise keele demokraatliku partei vasakpoolse tiivaga.<\/p>\n<p>Bannon toetab vasakpoolse senaatori Bernie Sandersi ja esindajatekoja liikme Alexandria Ocasio-Cortezi ettepanekut peatada uute andmekeskuste ehitamine.\u00a0<\/p>\n<p>Bannon v\u00f5itleb n\u00fc\u00fcd Trumpi administratsiooni \u00e4ris\u00f5braliku tehisintellektistrateegia vastu, sattudes sellega otsesesse vastasseisu vabariiklaste ladvikuga.<\/p>\n<p>Donald Trump ise toetab andmekeskuste rajamist ning on nende kaitseks korduvalt sotsiaalmeedias s\u00f5na v\u00f5tnud. &#8220;Ainus p\u00f5hjus, miks kogukonnad \u00fcle USA ei peaks andmekeskusi tahtma, on see, kui nad tahavad l\u00f5puks mahaj\u00e4\u00e4nud ja vaesed olla,&#8221; kirjutas esmasp\u00e4eval Trump.\u00a0<\/p>\n<p>Bannon \u00fctles, et vaatab selles k\u00fcsimuses m\u00f6\u00f6da oma erimeelsustest vasakpoolsetega, n\u00e4iteks sisser\u00e4nde teemal, sest tema hinnangul saab tehisintellektist tulevikku m\u00e4\u00e4rav k\u00fcsimus.<\/p>\n<p>&#8220;Ma pole n\u00e4inud t\u00e4nap\u00e4eva Ameerika elus \u00fchegi populistlikul tasandil probleemi, mis \u00fchendaks meie riigi erinevaid elemente rohkem kui see,&#8221; \u00fctles Bannon.\u00a0<\/p>\n<p>Ajaleht <a href=\"https:\/\/www.wsj.com\/politics\/policy\/bernie-aoc-and-bannon-can-agree-on-one-thing-the-fight-against-data-centers-7f13159a?mod=politics_lead_pos3\" target=\"_blank\" rel=\"noopener nofollow\">The Wall Street Journal<\/a> hindab, et Bannoni tegevus n\u00e4itab, kuidas tehisintellekt on kujunemas uueks teemaks, mis \u00fchendab parteide vasak- ja parempopulistlikke tiibu.<\/p>\n<p>Vasak- ja parempopuliste \u00fchendavad eelk\u00f5ige mure tehisintellekti m\u00f5ju p\u00e4rast t\u00f6\u00f6kohtadele, andmekeskuste suur elektri- ja veetarbimine ning umbusk suurte tehnoloogiaettev\u00f5tete suhtes.<\/p>\n<p>&#8220;Poliitikas tekib iga p\u00e4ev olukordi, kus s\u00f5lmitakse ootamatuid ja erinevaid liite. Kuid selles k\u00fcsimuses on paljudel parempoolsetel minu hinnangul samasugused mured nagu minulgi,&#8221; \u00fctles Sanders.\u00a0<\/p>\n<p>Bannon \u00fctles, et p\u00fchendab praegu 75 protsenti oma ajast v\u00f5itlusele tehisintellekti leviku vastu. Tema s\u00f5nul ei suuda ta avalikel aruteludel osalejate p\u00f5hjal eristada, kas andmekeskuste vastased on Trumpi toetajad v\u00f5i Sandersi poolehoidjad. Demokraatlike sotsialistide\u00a0 (DSA) tippjuht Megan Romer t\u00f5des samuti, et on selles k\u00fcsimuses Bannoniga samal poolel.<\/p>\n<p>Vastuseis tehisintellektile ja andmekeskustele on muutunud oluliseks valimisteemaks kogu USA-s. Negatiivse s\u00f5numiga tehisintellekti reklaame on alates 2025. aastast kasutatud rohkem kui 70 USA kongressi- ja kubernerivalimistel ning 50 osariigi tasandi valimisv\u00f5itluses.\u00a0<\/p>\n<p>Kuigi mitmed kubernerid, sealhulgas Texase vabariiklasest kuberner, on v\u00f5tnud andmekeskuste suhtes j\u00e4igema hoiaku, pole Washingtonis seni suuremaid seadusandlikke tulemusi saavutatud. Tehnoloogiahiiglased ja Trumpi liitlased kritiseerivad teravalt vastuseisu andmekeskuste rajamisele.<\/p>\n<p>&#8220;Algul h\u00e4vitasid nad meie puidut\u00f6\u00f6stuse, seej\u00e4rel kaevandused, siis tehased. Ja n\u00fc\u00fcd andmekeskused. Iga h\u00e4sti tasustatud ja keskklassi \u00fclalpidav t\u00f6\u00f6kohtade allikas on Ameerikas s\u00fcsteemselt h\u00e4vitatud globalistide ja kommunistide lobit\u00f6\u00f6 tulemusena,&#8221; kirjutas sotsiaalmeedias vabariiklasest senaator Tim Sheehy.\u00a0<\/p>\n<p>Andmeanal\u00fc\u00fcsifirma Palantiri kaasasutaja Joe Lonsdale \u00fctles, et valitsus ja tehnoloogiasektor peavad astuma vastu &#8220;hullumeelsetele populistidele&#8221;. Ta nimetas neid l\u00fchendiga &#8220;BBC&#8221;, mille all pidas silmas Bernie Sandersit, Steve Bannonit ja Hiina Kommunistlikku Parteid.\u00a0<\/p>\n<p>&#8220;K\u00f5ik need inimesed tahavad andmekeskused keelustada ja soovivad Ameerika kaotust. Peame tagama, et BBC radikaalid kaotaksid,&#8221; \u00fctles Lonsdale.\u00a0<\/p>\n","protected":false},"excerpt":{"rendered":"Ajaleht The Wall Street Journal kirjutab, et vastuseis andmekeskustele toob USA poliitikas kokku eri leeride esindajaid. Parempopulistlik meediategelane&hellip;\n","protected":false},"author":2,"featured_media":267808,"comment_status":"","ping_status":"","sticky":false,"template":"","format":"standard","meta":{"footnotes":"","_share_on_mastodon":"0"},"categories":[80],"tags":[40869,26,27,37,33,35,34,36,31,32,21,28,29,95,19,25,9987,14503,373,23,24,22,325,20,30,92,93,94],"class_list":["post-267807","post","type-post","status-publish","format-standard","has-post-thumbnail","category-maailm","tag-bernie-sanders","tag-breaking-news","tag-breakingnews","tag-ee","tag-eesti","tag-eesti-keel","tag-estonia","tag-estonian","tag-featured-news","tag-featurednews","tag-headlines","tag-latest-news","tag-latestnews","tag-maailm","tag-news","tag-populaarseimad-lood","tag-populistid","tag-steve-bannon","tag-tehisintellekt","tag-top-stories","tag-topstories","tag-uldised-uudised","tag-usa","tag-uudised","tag-viimased-uudised","tag-world","tag-world-news","tag-worldnews"],"share_on_mastodon":{"url":"https:\/\/pubeurope.com\/@ee\/117208268520139475","error":""},"_links":{"self":[{"href":"https:\/\/www.europesays.com\/ee\/wp-json\/wp\/v2\/posts\/267807","targetHints":{"allow":["GET"]}}],"collection":[{"href":"https:\/\/www.europesays.com\/ee\/wp-json\/wp\/v2\/posts"}],"about":[{"href":"https:\/\/www.europesays.com\/ee\/wp-json\/wp\/v2\/types\/post"}],"author":[{"embeddable":true,"href":"https:\/\/www.europesays.com\/ee\/wp-json\/wp\/v2\/users\/2"}],"replies":[{"embeddable":true,"href":"https:\/\/www.europesays.com\/ee\/wp-json\/wp\/v2\/comments?post=267807"}],"version-history":[{"count":0,"href":"https:\/\/www.europesays.com\/ee\/wp-json\/wp\/v2\/posts\/267807\/revisions"}],"wp:featuredmedia":[{"embeddable":true,"href":"https:\/\/www.europesays.com\/ee\/wp-json\/wp\/v2\/media\/267808"}],"wp:attachment":[{"href":"https:\/\/www.europesays.com\/ee\/wp-json\/wp\/v2\/media?parent=267807"}],"wp:term":[{"taxonomy":"category","embeddable":true,"href":"https:\/\/www.europesays.com\/ee\/wp-json\/wp\/v2\/categories?post=267807"},{"taxonomy":"post_tag","embeddable":true,"href":"https:\/\/www.europesays.com\/ee\/wp-json\/wp\/v2\/tags?post=267807"}],"curies":[{"name":"wp","href":"https:\/\/api.w.org\/{rel}","templated":true}]}}