{"id":267825,"date":"2026-09-03T17:42:17","date_gmt":"2026-09-03T17:42:17","guid":{"rendered":"https:\/\/www.europesays.com\/ee\/267825\/"},"modified":"2026-09-03T17:42:17","modified_gmt":"2026-09-03T17:42:17","slug":"hyundais-tootava-mark-egert-tiitsu-enda-soitjakarjaar-voib-suuresti-labi-olla-seis-on-ikkagi-keeruline","status":"publish","type":"post","link":"https:\/\/www.europesays.com\/ee\/267825\/","title":{"rendered":"Hyundais t\u00f6\u00f6tava Mark-Egert Tiitsu enda s\u00f5itjakarj\u00e4\u00e4r v\u00f5ib suuresti l\u00e4bi olla. \u201eSeis on ikkagi keeruline\u201c"},"content":{"rendered":"<p>Mullu alustas Tiits sarnaselt praegusele Toyota noorteprogrammi s\u00f5itjale Jaspar Vaherile juuniori EM-sarja sihiga teha kaasa t\u00e4ishooaeg ja nii rohkem jalga rallimaailmasse sisse saada, aga asjad ei l\u00e4inud soovitult. Peale eba\u00f5nnestunud Hispaania ja Ungari etappe v\u00f5istles ta veel Poolas, aga sellega saigi eelmisel aastal EM-sari tema jaoks l\u00e4bi.<\/p>\n<p>Seej\u00e4rel on Tiits v\u00f5istelnud vaid kolmel korral. Mullu Saaremaa rallil Ford Fiesta Rally4-ga ning t\u00e4navu L\u00f5una-Eesti ja Paide rallidel isikliku Volkswagen Golf II-ga. L\u00f5una-Eestis tuli EMV7 klassis esikoht, Paides andis aga mootor otsad.<\/p>\n<p>Seega on ta viimasel aastal olnud rohkem seotud Hyundaiga, kuuludes MM-tiimi ilmameeskonda. Tema t\u00f6\u00f6 on katsed enne starti l\u00e4bi s\u00f5ita, et anda tiimile v\u00e4rskeim info valitsevatest oludest. Delfile antud intervjuus r\u00e4\u00e4kis Tiits l\u00e4hemalt, miks pole s\u00f5itjakarj\u00e4\u00e4r soovitud kujul l\u00e4inud ja kui raske on Eestist v\u00e4lja murda, ning suurep\u00e4rasest v\u00f5imalusest Hyundai kaudu MM-sarjas olla.<\/p>\n<p><a href=\"https:\/\/sport.delfi.ee\/artikkel\/120607658\/hyundais-tootava-mark-egert-tiitsu-enda-soitjakarjaar-voib-suuresti-labi-olla-seis-on-ikkagi-keeruline\/kommentaarid\" class=\"button button--primary button--size-auto article-body-bottom__comment article-body-bottom__comment--write\" style=\"\" rel=\"nofollow noopener\" target=\"_blank\">Kommenteeri<\/a><a href=\"https:\/\/sport.delfi.ee\/artikkel\/120607658\/hyundais-tootava-mark-egert-tiitsu-enda-soitjakarjaar-voib-suuresti-labi-olla-seis-on-ikkagi-keeruline\/kommentaarid\" class=\"button button--size-auto article-body-bottom__comment article-body-bottom__comment--read\" style=\"\" rel=\"nofollow noopener\" target=\"_blank\">Loe kommentaare (5)<\/a><\/p>\n","protected":false},"excerpt":{"rendered":"Mullu alustas Tiits sarnaselt praegusele Toyota noorteprogrammi s\u00f5itjale Jaspar Vaherile juuniori EM-sarja sihiga teha kaasa t\u00e4ishooaeg ja nii&hellip;\n","protected":false},"author":2,"featured_media":267826,"comment_status":"","ping_status":"","sticky":false,"template":"","format":"standard","meta":{"footnotes":"","_share_on_mastodon":"0"},"categories":[18],"tags":[37,33,35,34,36,3182,103714,2828,159,158],"class_list":["post-267825","post","type-post","status-publish","format-standard","has-post-thumbnail","category-sport","tag-ee","tag-eesti","tag-eesti-keel","tag-estonia","tag-estonian","tag-hyundai","tag-mark-egert-tiits","tag-ralli","tag-sport","tag-sports"],"share_on_mastodon":{"url":"https:\/\/pubeurope.com\/@ee\/117208347345072710","error":""},"_links":{"self":[{"href":"https:\/\/www.europesays.com\/ee\/wp-json\/wp\/v2\/posts\/267825","targetHints":{"allow":["GET"]}}],"collection":[{"href":"https:\/\/www.europesays.com\/ee\/wp-json\/wp\/v2\/posts"}],"about":[{"href":"https:\/\/www.europesays.com\/ee\/wp-json\/wp\/v2\/types\/post"}],"author":[{"embeddable":true,"href":"https:\/\/www.europesays.com\/ee\/wp-json\/wp\/v2\/users\/2"}],"replies":[{"embeddable":true,"href":"https:\/\/www.europesays.com\/ee\/wp-json\/wp\/v2\/comments?post=267825"}],"version-history":[{"count":0,"href":"https:\/\/www.europesays.com\/ee\/wp-json\/wp\/v2\/posts\/267825\/revisions"}],"wp:featuredmedia":[{"embeddable":true,"href":"https:\/\/www.europesays.com\/ee\/wp-json\/wp\/v2\/media\/267826"}],"wp:attachment":[{"href":"https:\/\/www.europesays.com\/ee\/wp-json\/wp\/v2\/media?parent=267825"}],"wp:term":[{"taxonomy":"category","embeddable":true,"href":"https:\/\/www.europesays.com\/ee\/wp-json\/wp\/v2\/categories?post=267825"},{"taxonomy":"post_tag","embeddable":true,"href":"https:\/\/www.europesays.com\/ee\/wp-json\/wp\/v2\/tags?post=267825"}],"curies":[{"name":"wp","href":"https:\/\/api.w.org\/{rel}","templated":true}]}}