{"id":267835,"date":"2026-09-03T17:53:15","date_gmt":"2026-09-03T17:53:15","guid":{"rendered":"https:\/\/www.europesays.com\/ee\/267835\/"},"modified":"2026-09-03T17:53:15","modified_gmt":"2026-09-03T17:53:15","slug":"paari-nadalaga-elva-mandide-alt-flora-pohikoosseisu-ron-neltsas-debuudil-alustada-oli-raige-sokk-soccernet-ee","status":"publish","type":"post","link":"https:\/\/www.europesays.com\/ee\/267835\/","title":{"rendered":"Paari n\u00e4dalaga Elva m\u00e4ndide alt Flora p\u00f5hikoosseisu. Ron Neltsas: deb\u00fc\u00fcdil alustada oli r\u00e4ige \u0161okk! &#8211; Soccernet.ee"},"content":{"rendered":"<p><img decoding=\"async\" src=\"https:\/\/www.europesays.com\/ee\/wp-content\/uploads\/2026\/09\/1788431289.jpg\" alt=\"Esimesed Premium liiga m\u00e4ngud on Ron Neltsasel keele vestile v\u00f5tnud. Foto: Liis Marii K\u00e4gu\"\/>&#13;\n<\/p>\n<p>Viis m\u00e4ngu A. Le Coq Arenal, aga Premium liigas kokku vaid 118 minutit kogemust. Ron Neltsase elu p\u00f5nevaim suvi on ta sisuliselt tundmatust noorm\u00e4ngijast paisanud FC Flora p\u00f5hikoosseisu!<\/p>\n<p>Veel augusti alguses tegi Tartu Santose ja FA Tartu Kalevi kasvandik kaasa kahes FC Elva Esiliiga kohtumises, sekkudes l\u00f5puminutiteks vahetuseks. V\u00e4hem kui kuu aega hiljem on 17-aastasel Neltsasel v\u00f6\u00f6 all esimesed kogemused Premium liigas &#8211; kusjuures mitte niisama, vaid Eesti vutiajaloo edukaima klubi p\u00f5hikoosseisus olulistes m\u00e4ngudes. R\u00e4\u00e4kimata U17 EM-finaalturniiril p\u00f5himeheks olemisest ja seal avam\u00e4ngus Hispaania v\u00f5rku v\u00e4rava l\u00f6\u00f6misest.&#13;\n<\/p>\n<p>&#8220;Flora jutud tulid v\u00e4ga j\u00e4rsku,&#8221; r\u00e4\u00e4kis Neltsas Soccernet.ee-le p\u00e4rast eilset kohtumist Tartu Tammekaga. &#8220;(FC Elva arendusjuht) Joel Lindpere \u00fchel p\u00e4eval helistas mulle ja \u00fctles, et j\u00e4in Florale U17 EM-finaalturniiril silma ja nad on minust huvitatud. M\u00f5tlesin, et tulen ja proovin!&#8221;&#13;\n<\/p>\n<p>Neltsas v\u00f5ttis p\u00e4eva m\u00f5tlemiseks, kuid \u00fctles kiirelt ka omapoolse jah-s\u00f5na. N\u00e4dalaga oligi ta juba uues s\u00e4rgis, uues keskkonnas ja uues linnas.<\/p>\n<p>&#8220;Praegu on sisseelamine p\u00e4ris h\u00e4sti l\u00e4inud. Premium liiga tempo ja tasemega pole ma aga veel \u00e4ra harjunud. Eelmises m\u00e4ngus Paide vastu oli mul juba 20. minutil p\u00e4ris raske!&#8221; muigas Neltsas. &#8220;Eks see v\u00f5tab aega ja kui \u00e4ra harjun, siis l\u00e4heb lihtsamaks.&#8221;&#13;\n<\/p>\n<p><img decoding=\"async\" src=\"https:\/\/www.europesays.com\/ee\/wp-content\/uploads\/2026\/09\/1788433374.jpg\" alt=\"Ron Neltsas l\u00f5i U17 EM-finaalturniiril Hispaania v\u00f5rku m\u00e4lestusv\u00e4\u00e4rse v\u00e4rava. Foto: Brit Maria Tael\"\/>&#13;\n<\/p>\n<p>Seda, milline on tase Eesti meisterklubis, n\u00e4itasid Neltsasele ilmekalt \u00e4ra juba esimesed v\u00f5istkonnaga tehtud treeningud. &#8220;Esimeses trennis tegime pallihoidmist &#8211; k\u00f5ik l\u00fckkasid palli \u00fche puutega edasi, mina jooksin nende vahel nagu koer! Ei j\u00f5udnud isegi m\u00e4ngijatele l\u00e4hedale, et pressida. Minu teises trennis tegime \u00fcks \u00fche vastu olukordi &#8211; mina kaitsesin, r\u00fcndem\u00e4ngijad r\u00fcndasid. Tony Varjund tegi mulle at\u0161koo ja l\u00f5i palli taha risti kinni, temaga oli mul raske,&#8221; naeris Neltsas.&#13;\n<\/p>\n<p>Kaks esimest m\u00e4ngu algkoosseisus Premium liigas tulid Neltsasele vaid paarin\u00e4dalase Flora esindusega treenimise pealt. K\u00f5rgliigadeb\u00fc\u00fct s\u00fcndis m\u00f6\u00f6dunud p\u00fchap\u00e4eval Paide vastu. &#8220;Ma ei osanud seda oodata, et alustan! Arvasin algul, et olen lihtsalt pingil ja v\u00f5ib-olla saan l\u00f5pus minuteid, aga kohe deb\u00fc\u00fct saada ja alustada &#8230; see oli r\u00e4ige \u0161okk!&#8221;<\/p>\n<p>Kas kogemus oli v\u00f5rreldav tuhandete pealtvaatajate ees peetud U17 EM-finaalturniiri m\u00e4ngudega? &#8220;Tunne oli m\u00f5nes m\u00f5ttes suhteliselt sama, aga Premium liigas on tempo veel kiirem ja f\u00fc\u00fcsilise poole pealt on m\u00e4ngijad velgi j\u00f5ulisemad, suuremad ja kiiremad.&#8221; Omap\u00e4rasel moel ongi Neltsas n\u00fc\u00fcd kirja saanud vaid kaks Premium liiga m\u00e4ngu, kuid koduse finaalturniiri t\u00f5ttu on ta A. Le Coq Arenal m\u00e4ngimise kogemust juba omajagu.&#13;\n<\/p>\n<p>Nii Paide kui Tammeka vastu vahetati Neltsas \u00fcsna teise poolaja alguses v\u00e4lja. &#8220;Keha ei ole veel sellise tempoga harjunud nii kaua kestma. Paide vastu oli nii, et 56. minutil l\u00e4ks \u00fcks jalg krampi ja 63. minutil teine jalg. Siis ei olnud enam varianti! Paide vastu l\u00e4ks alguses kohanemisega aega, olin seal natuke h\u00e4das, aga teine poolaeg oli juba parem. Tammeka vastu sain nii palliga kui kaitsefaasis juba natuke paremini hakkama.&#8221;<\/p>\n","protected":false},"excerpt":{"rendered":"&#13; Viis m\u00e4ngu A. Le Coq Arenal, aga Premium liigas kokku vaid 118 minutit kogemust. Ron Neltsase elu&hellip;\n","protected":false},"author":2,"featured_media":267836,"comment_status":"","ping_status":"","sticky":false,"template":"","format":"standard","meta":{"footnotes":"","_share_on_mastodon":"0"},"categories":[18],"tags":[37,33,35,897,34,36,3970,161,163,79066,79067,159,158,1465],"class_list":["post-267835","post","type-post","status-publish","format-standard","has-post-thumbnail","category-sport","tag-ee","tag-eesti","tag-eesti-keel","tag-elva","tag-estonia","tag-estonian","tag-fc-elva","tag-fc-flora","tag-flora","tag-neltsas","tag-ron-neltsas","tag-sport","tag-sports","tag-tallinna-fc-flora"],"share_on_mastodon":{"url":"https:\/\/pubeurope.com\/@ee\/117208390761468899","error":""},"_links":{"self":[{"href":"https:\/\/www.europesays.com\/ee\/wp-json\/wp\/v2\/posts\/267835","targetHints":{"allow":["GET"]}}],"collection":[{"href":"https:\/\/www.europesays.com\/ee\/wp-json\/wp\/v2\/posts"}],"about":[{"href":"https:\/\/www.europesays.com\/ee\/wp-json\/wp\/v2\/types\/post"}],"author":[{"embeddable":true,"href":"https:\/\/www.europesays.com\/ee\/wp-json\/wp\/v2\/users\/2"}],"replies":[{"embeddable":true,"href":"https:\/\/www.europesays.com\/ee\/wp-json\/wp\/v2\/comments?post=267835"}],"version-history":[{"count":0,"href":"https:\/\/www.europesays.com\/ee\/wp-json\/wp\/v2\/posts\/267835\/revisions"}],"wp:featuredmedia":[{"embeddable":true,"href":"https:\/\/www.europesays.com\/ee\/wp-json\/wp\/v2\/media\/267836"}],"wp:attachment":[{"href":"https:\/\/www.europesays.com\/ee\/wp-json\/wp\/v2\/media?parent=267835"}],"wp:term":[{"taxonomy":"category","embeddable":true,"href":"https:\/\/www.europesays.com\/ee\/wp-json\/wp\/v2\/categories?post=267835"},{"taxonomy":"post_tag","embeddable":true,"href":"https:\/\/www.europesays.com\/ee\/wp-json\/wp\/v2\/tags?post=267835"}],"curies":[{"name":"wp","href":"https:\/\/api.w.org\/{rel}","templated":true}]}}