{"id":267843,"date":"2026-09-03T17:58:11","date_gmt":"2026-09-03T17:58:11","guid":{"rendered":"https:\/\/www.europesays.com\/ee\/267843\/"},"modified":"2026-09-03T17:58:11","modified_gmt":"2026-09-03T17:58:11","slug":"otse-delfi-tv-s-seljavoit-eesti-vorkpallikoondis-alistas-kontrollmangus-slovakkia-kindlalt-30","status":"publish","type":"post","link":"https:\/\/www.europesays.com\/ee\/267843\/","title":{"rendered":"OTSE DELFI TV-s | Seljav\u00f5it: Eesti v\u00f5rkpallikoondis alistas kontrollm\u00e4ngus Slovakkia kindlalt 3:0"},"content":{"rendered":"<p>Eestil alustasid algrivistuses Renet Vanker, Renee Teppan, M\u00e4rt Tammearu, Robert T\u00e4ht, Alex Saaremaa, Andri Aganits ja Silver Maar. Vahetusest said veel m\u00e4ngu Tristan T\u00e4ht, Kusti N\u00f5lvak ja Andres Jefanov.<\/p>\n<p>Eestile avageim 25:22. Eesti oli enamus esimesest geimist kergelt tagaajaja rollis, lastes Slovakkia k\u00f5ige rohkem kahe punkti kaugusele. Viimast korda n\u00e4hti viiki tablool seisul 22:22. Geimpalli t\u00f5i Eestile Andri Aganitsa blokk ning pingelise viimase punkti l\u00f5petas kavala hanitusega Tristan T\u00e4ht. Robert T\u00e4ht t\u00f5i Eestile 4 punkti, Tammearu ja Teppan kumbki 3. <\/p>\n<p>Eestile teine geim 25:22. Alar Rikbergi hoolealused n\u00e4itasid teises geimis juba m\u00e4rksa kindlamat m\u00e4ngu. Slovakkia juhtis viimast korda kahe punktiga seisul 15:13 ja \u00fche punktiga 16:15, peale mida v\u00f5ttis juhtohjad enda k\u00e4tte kodumeeskond. M\u00e4rt Tammearu kolme j\u00e4rjestikuse seriv\u00e4ssa j\u00e4rel oli seis tablool 19:16. Viimast korda p\u00e4\u00e4ses Slovakkia \u00fche punkti kaugusele seisul 22:21. Esimese geimpalli t\u00f5i Eestile Tammearu blokk (24:21), teisel geimpallil l\u00f5id slovakid servi v\u00f5rku. Tammearu arvele j\u00e4i teises geimis 8 punkti, 3 punkti t\u00f5id Tristan T\u00e4ht ja Saaremaa. <\/p>\n<p>Eestile kolmas geim 25:16. Kolmandas geimis Eesti Slovakkiale s\u00f5na\u00f5igust ei andnud, vaid haaras kiirelt 5:1, 7:2 ja 9:3 algedu, hoides turvalist vahet l\u00f5puni. Tammearu saagiks j\u00e4i kolmandas geimis 5 punkti.<\/p>\n<p>Vastavalt meeskondade kokkuleppele m\u00e4ngiti ka neljas geim, mille Eesti v\u00f5itis 25:21.<\/p>\n<p>Eesti kohtub Kalevi spordihallis kolmel j\u00e4rjestikusel p\u00e4eval Slovakkia, L\u00e4ti ja Ukrainaga. Miniturniiri jooksul m\u00e4ngivad k\u00f5ik neli koondist omavahel korra l\u00e4bi.<\/p>\n<p>Kui neljap\u00e4eval ja laup\u00e4eval pannakse Eesti kohtumistes pall m\u00e4ngu kell 19, siis reedene m\u00e4ng l\u00e4tlastega algab kell 16. K\u00f5ik Eesti koondise mat\u0161id on n\u00e4htaval Delfi TV-s.<\/p>\n<p>Peatreener <a rel=\"noopener nofollow\" target=\"_blank\" href=\"https:\/\/www.delfi.ee\/teema\/77962076\/alar-rikberg\" data-rel-date-range=\"[]\">Alar Rikbergi<\/a> hoolealused on seni pidanud viis kontrollkohtumist. Alustuseks v\u00f5ideti kahel korral Rootsit, eelmisel n\u00e4dalal m\u00e4ngis Eesti v\u00f5\u00f5rsil kolm korda Rumeenia vastu. Rumeenlased v\u00f5itsid avamat\u0161i, eestlased teise ning kolmas j\u00e4i viiki.<\/p>\n<p>\u201e\u00dcldine eesm\u00e4rk on otsida v\u00f5imalikku tuumikut EMiks ja m\u00e4ngida ka veidi pikemalt \u00fche toimiva koosseisuga. \u00dches v\u00f5i kahes kohtumises tahame m\u00e4ngida selgelt tulemuse peale ehk k\u00f5ik otsused ja vahetused jms oleksid tehtnud nii nagu teeksin seda EMil,\u201c \u00fctles Rikberg Eesti v\u00f5rkpalliliidu pressiteate vahendusel. \u201eTeine pool on see, et \u00fchegi m\u00e4ngija koormust ei tohi liiga suureks ajada ja kolmes m\u00e4ngus j\u00e4rjest keegi t\u00e4ismahus kaasa ei tee.\u201c<\/p>\n<p>J\u00e4rgmisel n\u00e4dalal algaval EM-il kuuluvad Sinil\u00f5vid Soomes Tamperes toimuvasse C-alagruppi. Lisaks p\u00f5hjanaabritele minnakse vastamisi Belgia, Serbia, Taani ja Hollandiga. Eesti esimene m\u00e4ng on kavas 11. septembril, mil vastamisi minnakse Serbiaga.<\/p>\n<p><a href=\"https:\/\/sport.delfi.ee\/artikkel\/120607775\/neljapaeval-delfi-tv-s-em-iks-valmistuv-eesti-vorkpallikoondis-kohtub-kalevi-spordihallis-slovakkiaga\/kommentaarid\" class=\"button button--primary button--size-auto article-body-bottom__comment article-body-bottom__comment--write\" style=\"\" rel=\"nofollow noopener\" target=\"_blank\">Kommenteeri<\/a><a href=\"https:\/\/sport.delfi.ee\/artikkel\/120607775\/neljapaeval-delfi-tv-s-em-iks-valmistuv-eesti-vorkpallikoondis-kohtub-kalevi-spordihallis-slovakkiaga\/kommentaarid\" class=\"button button--size-auto article-body-bottom__comment article-body-bottom__comment--read\" style=\"\" rel=\"nofollow noopener\" target=\"_blank\">Loe kommentaare (21)<\/a><\/p>\n","protected":false},"excerpt":{"rendered":"Eestil alustasid algrivistuses Renet Vanker, Renee Teppan, M\u00e4rt Tammearu, Robert T\u00e4ht, Alex Saaremaa, Andri Aganits ja Silver Maar.&hellip;\n","protected":false},"author":2,"featured_media":267844,"comment_status":"","ping_status":"","sticky":false,"template":"","format":"standard","meta":{"footnotes":"","_share_on_mastodon":"0"},"categories":[5],"tags":[3953,26,27,37,33,35,5375,34,36,31,32,21,28144,28,29,19,25,23,24,22,20,30,1442],"class_list":["post-267843","post","type-post","status-publish","format-standard","has-post-thumbnail","category-uldised-uudised","tag-alar-rikberg","tag-breaking-news","tag-breakingnews","tag-ee","tag-eesti","tag-eesti-keel","tag-eesti-vorkpallikoondis","tag-estonia","tag-estonian","tag-featured-news","tag-featurednews","tag-headlines","tag-kalevi-spordihall","tag-latest-news","tag-latestnews","tag-news","tag-populaarseimad-lood","tag-top-stories","tag-topstories","tag-uldised-uudised","tag-uudised","tag-viimased-uudised","tag-vorkpall"],"share_on_mastodon":{"url":"https:\/\/pubeurope.com\/@ee\/117208410082592207","error":""},"_links":{"self":[{"href":"https:\/\/www.europesays.com\/ee\/wp-json\/wp\/v2\/posts\/267843","targetHints":{"allow":["GET"]}}],"collection":[{"href":"https:\/\/www.europesays.com\/ee\/wp-json\/wp\/v2\/posts"}],"about":[{"href":"https:\/\/www.europesays.com\/ee\/wp-json\/wp\/v2\/types\/post"}],"author":[{"embeddable":true,"href":"https:\/\/www.europesays.com\/ee\/wp-json\/wp\/v2\/users\/2"}],"replies":[{"embeddable":true,"href":"https:\/\/www.europesays.com\/ee\/wp-json\/wp\/v2\/comments?post=267843"}],"version-history":[{"count":0,"href":"https:\/\/www.europesays.com\/ee\/wp-json\/wp\/v2\/posts\/267843\/revisions"}],"wp:featuredmedia":[{"embeddable":true,"href":"https:\/\/www.europesays.com\/ee\/wp-json\/wp\/v2\/media\/267844"}],"wp:attachment":[{"href":"https:\/\/www.europesays.com\/ee\/wp-json\/wp\/v2\/media?parent=267843"}],"wp:term":[{"taxonomy":"category","embeddable":true,"href":"https:\/\/www.europesays.com\/ee\/wp-json\/wp\/v2\/categories?post=267843"},{"taxonomy":"post_tag","embeddable":true,"href":"https:\/\/www.europesays.com\/ee\/wp-json\/wp\/v2\/tags?post=267843"}],"curies":[{"name":"wp","href":"https:\/\/api.w.org\/{rel}","templated":true}]}}