{"id":267847,"date":"2026-09-03T18:07:07","date_gmt":"2026-09-03T18:07:07","guid":{"rendered":"https:\/\/www.europesays.com\/ee\/267847\/"},"modified":"2026-09-03T18:07:07","modified_gmt":"2026-09-03T18:07:07","slug":"trump-usa-hakkab-noudma-euroopalt-ukrainale-antud-abi-tagasimaksmist","status":"publish","type":"post","link":"https:\/\/www.europesays.com\/ee\/267847\/","title":{"rendered":"Trump: USA hakkab n\u00f5udma Euroopalt Ukrainale antud abi tagasimaksmist"},"content":{"rendered":"<p>Trump alustas oma postitust kritiseerides meediateateid USA laskemoonavarude m\u00e4rkimisv\u00e4\u00e4rsest kahanemisest Iraani s\u00f5ja ajal. <\/p>\n<p>\u201eMeil on praktiliselt piiramatu kogus kesk- kuni k\u00f5rgklassi laskemoona \u2013 palju rohkem, kui me suudaksime kunagi selle v\u00f5i m\u00f5ne teise, \u00e4\u00e4rmiselt ebat\u00f5en\u00e4olise s\u00f5ja jaoks \u00e4ra kasutada,\u201c kirjutas Trump.<\/p>\n<p>Viimastel n\u00e4dalatel on meedias ilmunud teated, et USA armee on Iraani s\u00f5ja ajal kasutanud \u00e4ra suure osa oma pikamaarakettide varudest. See on tekitanud muret armee valmisoleku p\u00e4rast, vahendab uudisteagentuur Reuters.<\/p>\n<p>USA varub moona ja valmistub v\u00f5imalikeks kriisiolukordadeks, m\u00e4rkis Trump. \u201eMe v\u00f5tame need endale, USA-le, selle asemel et neid teistele m\u00fc\u00fca, kuid m\u00fc\u00fck liitlastele algab peagi uuesti,\u201c \u00fctles ta.<\/p>\n<p>Samas postituses v\u00e4itis Trump, et endise presidendi <a rel=\"noopener nofollow\" target=\"_blank\" href=\"https:\/\/www.delfi.ee\/teema\/33314379\/joe-biden\" tag-id=\"33314379\">Joe Bideni<\/a> administratsioon tarnis Ukrainale rohkem laskemoona, kui USA on Iraani s\u00f5jas kasutanud.<\/p>\n<p>\u201eUkrainale ja <a rel=\"noopener nofollow\" target=\"_blank\" href=\"https:\/\/www.delfi.ee\/teema\/24581263\/nato\" tag-id=\"24581263\">NATO<\/a>-le anti tasuta sadu miljardeid dollareid, mille eest oleks Euroopa maksnud \u2013 kui neilt vaid oleks seda palutud \u2013, kuid me k\u00fcsime seda raha tagasi, kuigi v\u00e4ikese hilinemisega!\u201c lisas ta.<\/p>\n<p>Kuidas see lugu Sind end tundma pani?Saada<a href=\"https:\/\/www.delfi.ee\/artikkel\/120608261\/trump-usa-hakkab-noudma-euroopalt-ukrainale-antud-abi-tagasimaksmist\/kommentaarid\" class=\"button button--primary button--size-auto article-body-bottom__comment article-body-bottom__comment--write\" style=\"\" rel=\"nofollow noopener\" target=\"_blank\">Kommenteeri<\/a><a href=\"https:\/\/www.delfi.ee\/artikkel\/120608261\/trump-usa-hakkab-noudma-euroopalt-ukrainale-antud-abi-tagasimaksmist\/kommentaarid\" class=\"button button--size-auto article-body-bottom__comment article-body-bottom__comment--read\" style=\"\" rel=\"nofollow noopener\" target=\"_blank\">Loe kommentaare (36)<\/a><\/p>\n","protected":false},"excerpt":{"rendered":"Trump alustas oma postitust kritiseerides meediateateid USA laskemoonavarude m\u00e4rkimisv\u00e4\u00e4rsest kahanemisest Iraani s\u00f5ja ajal. \u201eMeil on praktiliselt piiramatu kogus&hellip;\n","protected":false},"author":2,"featured_media":267848,"comment_status":"","ping_status":"","sticky":false,"template":"","format":"standard","meta":{"footnotes":"","_share_on_mastodon":"0"},"categories":[80],"tags":[26,27,324,37,33,35,34,36,112,31,32,21,1176,28,29,95,54,19,25,23,24,262,22,325,20,30,92,93,94],"class_list":["post-267847","post","type-post","status-publish","format-standard","has-post-thumbnail","category-maailm","tag-breaking-news","tag-breakingnews","tag-donald-trump","tag-ee","tag-eesti","tag-eesti-keel","tag-estonia","tag-estonian","tag-euroopa","tag-featured-news","tag-featurednews","tag-headlines","tag-joe-biden","tag-latest-news","tag-latestnews","tag-maailm","tag-nato","tag-news","tag-populaarseimad-lood","tag-top-stories","tag-topstories","tag-ukraina","tag-uldised-uudised","tag-usa","tag-uudised","tag-viimased-uudised","tag-world","tag-world-news","tag-worldnews"],"share_on_mastodon":{"url":"https:\/\/pubeurope.com\/@ee\/117208445316544587","error":""},"_links":{"self":[{"href":"https:\/\/www.europesays.com\/ee\/wp-json\/wp\/v2\/posts\/267847","targetHints":{"allow":["GET"]}}],"collection":[{"href":"https:\/\/www.europesays.com\/ee\/wp-json\/wp\/v2\/posts"}],"about":[{"href":"https:\/\/www.europesays.com\/ee\/wp-json\/wp\/v2\/types\/post"}],"author":[{"embeddable":true,"href":"https:\/\/www.europesays.com\/ee\/wp-json\/wp\/v2\/users\/2"}],"replies":[{"embeddable":true,"href":"https:\/\/www.europesays.com\/ee\/wp-json\/wp\/v2\/comments?post=267847"}],"version-history":[{"count":0,"href":"https:\/\/www.europesays.com\/ee\/wp-json\/wp\/v2\/posts\/267847\/revisions"}],"wp:featuredmedia":[{"embeddable":true,"href":"https:\/\/www.europesays.com\/ee\/wp-json\/wp\/v2\/media\/267848"}],"wp:attachment":[{"href":"https:\/\/www.europesays.com\/ee\/wp-json\/wp\/v2\/media?parent=267847"}],"wp:term":[{"taxonomy":"category","embeddable":true,"href":"https:\/\/www.europesays.com\/ee\/wp-json\/wp\/v2\/categories?post=267847"},{"taxonomy":"post_tag","embeddable":true,"href":"https:\/\/www.europesays.com\/ee\/wp-json\/wp\/v2\/tags?post=267847"}],"curies":[{"name":"wp","href":"https:\/\/api.w.org\/{rel}","templated":true}]}}