{"id":26785,"date":"2025-10-24T14:09:14","date_gmt":"2025-10-24T14:09:14","guid":{"rendered":"https:\/\/www.europesays.com\/ee\/26785\/"},"modified":"2025-10-24T14:09:14","modified_gmt":"2025-10-24T14:09:14","slug":"kaks-vene-sojalennukit-rikkusid-leedu-ohupiiri-valismaa","status":"publish","type":"post","link":"https:\/\/www.europesays.com\/ee\/26785\/","title":{"rendered":"Kaks Vene s\u00f5jalennukit rikkusid Leedu \u00f5hupiiri | V\u00e4lismaa"},"content":{"rendered":"<p>Leedu kaitsev\u00e4e teatel rikkusid kaks Venemaa s\u00f5jalennukit neljap\u00e4eval riigi \u00f5hupiiri.<\/p>\n<p>Leedu teatel viibisid h\u00e4vitaja Su-30 ja tankimislennuk Il-78 riigi \u00f5huruumis ligi 18 sekundit.\u00a0\u00d5hupiiri rikkunud lennukid l\u00e4bisid Leedus 700 meetri pikkuse vahemaa.<\/p>\n<p>Leedu relvaj\u00f5udude hinnangul oli t\u00f5en\u00e4oliselt tegemist \u00f5hus tankimise treeninguga.<\/p>\n<p>Intsidendile reageerisid Leedus NATO Balti \u00f5huturbemissioonil viibivad Hispaania \u00f5huv\u00e4e\u00a0Eurofighter Typhoon h\u00e4vituslennukid.<\/p>\n<p>&#8220;See intsident n\u00e4itab taas, et Venemaa k\u00e4itub terroristliku riigina, eirates rahvusvahelist \u00f5igust ja naaberriikide julgeolekut. Leedu on turvaline riik. Koos oma liitlastega kaitseme iga sentimeetrit oma territooriumist,&#8221; teatas Leedu peaminister Inga Ruginiene<\/p>\n<p>Leedu v\u00e4lisministeerium teatas, et kutsus Venemaa saatkonna esindajad v\u00e4lja, et esitada protest vastutustundetu ja ohtliku k\u00e4itumise vastu.<\/p>\n<p>Venemaa v\u00e4lisministeerium eitas riigi lennukite Leedu \u00f5huruumi rikkumist.<\/p>\n<p>Venemaa v\u00e4lisministeerium teatas suhtlusv\u00f5rgustikus Telegram, et lennukid ei kaldunud oma marsruudilt k\u00f5rvale ega rikkunud teiste riikide \u00f5huruumi.<\/p>\n","protected":false},"excerpt":{"rendered":"Leedu kaitsev\u00e4e teatel rikkusid kaks Venemaa s\u00f5jalennukit neljap\u00e4eval riigi \u00f5hupiiri. Leedu teatel viibisid h\u00e4vitaja Su-30 ja tankimislennuk Il-78&hellip;\n","protected":false},"author":2,"featured_media":26786,"comment_status":"","ping_status":"","sticky":false,"template":"","format":"standard","meta":{"footnotes":""},"categories":[5],"tags":[26,27,37,33,35,34,36,31,32,21,28,29,115,19,1670,25,23,24,22,20,96,30],"class_list":{"0":"post-26785","1":"post","2":"type-post","3":"status-publish","4":"format-standard","5":"has-post-thumbnail","7":"category-uldised-uudised","8":"tag-breaking-news","9":"tag-breakingnews","10":"tag-ee","11":"tag-eesti","12":"tag-eesti-keel","13":"tag-estonia","14":"tag-estonian","15":"tag-featured-news","16":"tag-featurednews","17":"tag-headlines","18":"tag-latest-news","19":"tag-latestnews","20":"tag-leedu","21":"tag-news","22":"tag-ohuruum","23":"tag-populaarseimad-lood","24":"tag-top-stories","25":"tag-topstories","26":"tag-uldised-uudised","27":"tag-uudised","28":"tag-venemaa","29":"tag-viimased-uudised"},"share_on_mastodon":{"url":"https:\/\/pubeurope.com\/@ee\/115429543981248090","error":""},"_links":{"self":[{"href":"https:\/\/www.europesays.com\/ee\/wp-json\/wp\/v2\/posts\/26785","targetHints":{"allow":["GET"]}}],"collection":[{"href":"https:\/\/www.europesays.com\/ee\/wp-json\/wp\/v2\/posts"}],"about":[{"href":"https:\/\/www.europesays.com\/ee\/wp-json\/wp\/v2\/types\/post"}],"author":[{"embeddable":true,"href":"https:\/\/www.europesays.com\/ee\/wp-json\/wp\/v2\/users\/2"}],"replies":[{"embeddable":true,"href":"https:\/\/www.europesays.com\/ee\/wp-json\/wp\/v2\/comments?post=26785"}],"version-history":[{"count":0,"href":"https:\/\/www.europesays.com\/ee\/wp-json\/wp\/v2\/posts\/26785\/revisions"}],"wp:featuredmedia":[{"embeddable":true,"href":"https:\/\/www.europesays.com\/ee\/wp-json\/wp\/v2\/media\/26786"}],"wp:attachment":[{"href":"https:\/\/www.europesays.com\/ee\/wp-json\/wp\/v2\/media?parent=26785"}],"wp:term":[{"taxonomy":"category","embeddable":true,"href":"https:\/\/www.europesays.com\/ee\/wp-json\/wp\/v2\/categories?post=26785"},{"taxonomy":"post_tag","embeddable":true,"href":"https:\/\/www.europesays.com\/ee\/wp-json\/wp\/v2\/tags?post=26785"}],"curies":[{"name":"wp","href":"https:\/\/api.w.org\/{rel}","templated":true}]}}