{"id":267851,"date":"2026-09-03T18:09:16","date_gmt":"2026-09-03T18:09:16","guid":{"rendered":"https:\/\/www.europesays.com\/ee\/267851\/"},"modified":"2026-09-03T18:09:16","modified_gmt":"2026-09-03T18:09:16","slug":"ullatav-avastus-%e2%9f%a9-100-aastaste-keha-toodab-massiliselt-tapjarakke","status":"publish","type":"post","link":"https:\/\/www.europesays.com\/ee\/267851\/","title":{"rendered":"\u00dcLLATAV AVASTUS \u27e9 100-aastaste keha toodab massiliselt \u00abtapjarakke\u00bb"},"content":{"rendered":"<p>Miks elavad m\u00f5ned inimesed \u00fcle saja aasta vanaks, samas kui keskmine eluiga on tunduvalt l\u00fchem? V\u00e4rske uuring viitab, et vastus peitub meie immuuns\u00fcsteemi \u00fcllatavas kohanemisv\u00f5imes, mis toodab eakatel elup\u00e4evade pikendamiseks spetsiaalseid mikroskoopilisi tapjarakke.<\/p>\n<p>Keskmine inimene elab ligikaudu 71-aastaseks. V\u00e4hesed suudavad t\u00e4histada oma sajandat juubelit ning veelgi haruldasemad on niinimetatud superseeniorid, kes elavad \u00fcle 110 aasta.<\/p>\n","protected":false},"excerpt":{"rendered":"Miks elavad m\u00f5ned inimesed \u00fcle saja aasta vanaks, samas kui keskmine eluiga on tunduvalt l\u00fchem? V\u00e4rske uuring viitab,&hellip;\n","protected":false},"author":2,"featured_media":267852,"comment_status":"","ping_status":"","sticky":false,"template":"","format":"standard","meta":{"footnotes":"","_share_on_mastodon":"0"},"categories":[5],"tags":[26,27,103726,37,33,35,34,36,31,32,21,11709,28,29,19,1496,25,103729,103724,103725,103728,23,24,103727,22,20,18795,7514,30],"class_list":["post-267851","post","type-post","status-publish","format-standard","has-post-thumbnail","category-uldised-uudised","tag-breaking-news","tag-breakingnews","tag-cd4-t-rakud","tag-ee","tag-eesti","tag-eesti-keel","tag-estonia","tag-estonian","tag-featured-news","tag-featurednews","tag-headlines","tag-immuunsusteem","tag-latest-news","tag-latestnews","tag-news","tag-pikaealisus","tag-populaarseimad-lood","tag-saja-aastased-inimesed","tag-superseeniorid","tag-t-rakud","tag-tapjarakud","tag-top-stories","tag-topstories","tag-tsutotoksilised-t-rakud","tag-uldised-uudised","tag-uudised","tag-vahirisk","tag-vananemine","tag-viimased-uudised"],"share_on_mastodon":{"url":"https:\/\/pubeurope.com\/@ee\/117208453392411113","error":""},"_links":{"self":[{"href":"https:\/\/www.europesays.com\/ee\/wp-json\/wp\/v2\/posts\/267851","targetHints":{"allow":["GET"]}}],"collection":[{"href":"https:\/\/www.europesays.com\/ee\/wp-json\/wp\/v2\/posts"}],"about":[{"href":"https:\/\/www.europesays.com\/ee\/wp-json\/wp\/v2\/types\/post"}],"author":[{"embeddable":true,"href":"https:\/\/www.europesays.com\/ee\/wp-json\/wp\/v2\/users\/2"}],"replies":[{"embeddable":true,"href":"https:\/\/www.europesays.com\/ee\/wp-json\/wp\/v2\/comments?post=267851"}],"version-history":[{"count":0,"href":"https:\/\/www.europesays.com\/ee\/wp-json\/wp\/v2\/posts\/267851\/revisions"}],"wp:featuredmedia":[{"embeddable":true,"href":"https:\/\/www.europesays.com\/ee\/wp-json\/wp\/v2\/media\/267852"}],"wp:attachment":[{"href":"https:\/\/www.europesays.com\/ee\/wp-json\/wp\/v2\/media?parent=267851"}],"wp:term":[{"taxonomy":"category","embeddable":true,"href":"https:\/\/www.europesays.com\/ee\/wp-json\/wp\/v2\/categories?post=267851"},{"taxonomy":"post_tag","embeddable":true,"href":"https:\/\/www.europesays.com\/ee\/wp-json\/wp\/v2\/tags?post=267851"}],"curies":[{"name":"wp","href":"https:\/\/api.w.org\/{rel}","templated":true}]}}