{"id":267853,"date":"2026-09-03T18:10:11","date_gmt":"2026-09-03T18:10:11","guid":{"rendered":"https:\/\/www.europesays.com\/ee\/267853\/"},"modified":"2026-09-03T18:10:11","modified_gmt":"2026-09-03T18:10:11","slug":"disney-staar-carla-jeffery-suri-ootamatult-33-aastasena","status":"publish","type":"post","link":"https:\/\/www.europesays.com\/ee\/267853\/","title":{"rendered":"Disney staar Carla Jeffery suri ootamatult 33-aastasena"},"content":{"rendered":"<p>Jeffery surmast teatas tema kauaaegne esindaja Alexanders Talent Management. <\/p>\n<p>\u201eMeie s\u00fcdamed on murtud, kui oleme leinas oma armastatud Carla Jeffery kaotuse p\u00e4rast,\u201c kirjutas agentuur sotsiaalmeedias. \u201eCarla kuulus \u00fcle 20 aasta Alexanders Talent Managementi perekonda ja oli uskumatu privileeg n\u00e4ha, kuidas ta kasvas andekast noorest t\u00fcdrukust kauniks s\u00e4ravaks naiseks, kellest sai n\u00e4itlejanna,\u201c lisas agentuur.<\/p>\n<p>N\u00e4itlejanna surma p\u00f5hjust ei ole avaldatud.<\/p>\n<p>Paljud Jeffery kaaskolleegid Disneyst jagasid oma sotsiaalmeedias j\u00e4releh\u00fc\u00fcdeid. \u201eCarla. K\u00f5ige armsam inimene, keda ma kunagi kohanud olen. Ma armastan sind,\u201c kommenteeris Milo Manheim, Jeffery kaasn\u00e4itleja filmis \u201eZombies\u201c.<\/p>\n<p>\u201eK\u00f5ige eredam s\u00e4rav valgus igas toas, kuhu ta astus. K\u00f5ige lahkem inimene, keda sa kunagi kohanud oled. K\u00f5ige ilusam hing. Tema lahkumine ei tundu p\u00e4ris,\u201c kirjutas teinegi Jeffery kolleeg Chandler Kinney.<\/p>\n<p>Jeffery s\u00fcndis 10. juulil 1993 Houstonis Texases ja tema esimene filmiroll oli 2006. aasta filmis \u201ePhat Girlz\u201c.<\/p>\n<p>2008. aastal m\u00e4ngis ta Nickelodeoni sarjas \u201eiCarly\u201c ja kehastas Keysha Blacki telesarjas \u201eCurb Your Enthusiasm\u201c.<\/p>\n<p>2011. aastal v\u00f5ttis ta osa Disney Channeli saatest \u201eGood Luck Charlie\u201c ning j\u00e4rgmisel aastal saatest \u201eShake It Up\u201c.<\/p>\n<p>P\u00e4rast m\u00e4ngimist veel mitmes sarjas, mille hulka kuulusid \u201eScream Queens\u201c ja \u201eCrazy Ex-Girlfriend\u201c, sai ta 2018. aastal Bree rolli filmis \u201eZombies 1\u201c.<\/p>\n<p>Seej\u00e4rel m\u00e4ngis ta filmides \u201eZombies 2\u201c ja \u201eZombies 3\u201c ning andis Breele h\u00e4\u00e4le mitmes sarjaga seotud l\u00fchanimafilmis.<\/p>\n<p>Kuidas see lugu Sind end tundma pani?Saada<a href=\"https:\/\/kroonika.delfi.ee\/artikkel\/120608203\/disney-staar-carla-jeffery-suri-ootamatult-33-aastaselt\/kommentaarid\" class=\"button button--primary button--size-auto article-body-bottom__comment article-body-bottom__comment--write\" style=\"\" rel=\"nofollow noopener\" target=\"_blank\">Kommenteeri<\/a><a href=\"https:\/\/kroonika.delfi.ee\/artikkel\/120608203\/disney-staar-carla-jeffery-suri-ootamatult-33-aastaselt\/kommentaarid\" class=\"button button--size-auto article-body-bottom__comment article-body-bottom__comment--read\" style=\"\" rel=\"nofollow noopener\" target=\"_blank\">Loe kommentaare (2)<\/a><\/p>\n","protected":false},"excerpt":{"rendered":"Jeffery surmast teatas tema kauaaegne esindaja Alexanders Talent Management. \u201eMeie s\u00fcdamed on murtud, kui oleme leinas oma armastatud&hellip;\n","protected":false},"author":2,"featured_media":267854,"comment_status":"","ping_status":"","sticky":false,"template":"","format":"standard","meta":{"footnotes":"","_share_on_mastodon":"0"},"categories":[91],"tags":[240,37,33,35,173,34,36,208,206,323,1426,287,241,1648,140,1646,144,322,150,1645,280,1651,1649,1647,1652,1650],"class_list":["post-267853","post","type-post","status-publish","format-standard","has-post-thumbnail","category-kuulsused","tag-celebrities","tag-ee","tag-eesti","tag-eesti-keel","tag-entertainment","tag-estonia","tag-estonian","tag-film","tag-horoskoop","tag-inimesed","tag-kino","tag-kosmos","tag-kuulsused","tag-mangukoobas","tag-meelelahutus","tag-mp3","tag-muusika","tag-raadio","tag-seks","tag-staarid","tag-teadus","tag-telekava","tag-telekavad","tag-teletupsud","tag-tv-kava","tag-tv-kavad"],"share_on_mastodon":{"url":"https:\/\/pubeurope.com\/@ee\/117208457369882064","error":""},"_links":{"self":[{"href":"https:\/\/www.europesays.com\/ee\/wp-json\/wp\/v2\/posts\/267853","targetHints":{"allow":["GET"]}}],"collection":[{"href":"https:\/\/www.europesays.com\/ee\/wp-json\/wp\/v2\/posts"}],"about":[{"href":"https:\/\/www.europesays.com\/ee\/wp-json\/wp\/v2\/types\/post"}],"author":[{"embeddable":true,"href":"https:\/\/www.europesays.com\/ee\/wp-json\/wp\/v2\/users\/2"}],"replies":[{"embeddable":true,"href":"https:\/\/www.europesays.com\/ee\/wp-json\/wp\/v2\/comments?post=267853"}],"version-history":[{"count":0,"href":"https:\/\/www.europesays.com\/ee\/wp-json\/wp\/v2\/posts\/267853\/revisions"}],"wp:featuredmedia":[{"embeddable":true,"href":"https:\/\/www.europesays.com\/ee\/wp-json\/wp\/v2\/media\/267854"}],"wp:attachment":[{"href":"https:\/\/www.europesays.com\/ee\/wp-json\/wp\/v2\/media?parent=267853"}],"wp:term":[{"taxonomy":"category","embeddable":true,"href":"https:\/\/www.europesays.com\/ee\/wp-json\/wp\/v2\/categories?post=267853"},{"taxonomy":"post_tag","embeddable":true,"href":"https:\/\/www.europesays.com\/ee\/wp-json\/wp\/v2\/tags?post=267853"}],"curies":[{"name":"wp","href":"https:\/\/api.w.org\/{rel}","templated":true}]}}