{"id":267879,"date":"2026-09-03T19:03:21","date_gmt":"2026-09-03T19:03:21","guid":{"rendered":"https:\/\/www.europesays.com\/ee\/267879\/"},"modified":"2026-09-03T19:03:21","modified_gmt":"2026-09-03T19:03:21","slug":"solberg-imestab-mm-sarja-punktisusteemi-ule-ma-ei-saa-sellest-aru","status":"publish","type":"post","link":"https:\/\/www.europesays.com\/ee\/267879\/","title":{"rendered":"Solberg imestab MM-sarja punktis\u00fcsteemi \u00fcle: ma ei saa sellest aru"},"content":{"rendered":"<p>24-aastane Solberg piirdus L\u00f5una-Ameerika etapil viienda kohaga, kuid oli heas hoos p\u00fchap\u00e4eval, kus n\u00e4itas tiimikaaslase Sebastien Ogier`ga sama aega. <\/p>\n<p>Kuigi nende aeg oli k\u00fcmnendike v\u00f5rdluses t\u00e4pselt sama, sai Ogier \u00fche punkti rohkem, sest otsustavaks sai p\u00fchap\u00e4evane esimene kiiruskatse, kus prantslane oli Solbergist kiirem. Kui arvesse oleks v\u00f5etud viimase v\u00f5istlusp\u00e4eva tulemus tuhandikes, olnuks p\u00e4eva kiireim hoopis Solberg.<\/p>\n<p>Kummaline reegel ajas Solbergi segadusse. \u201eMa ei saa t\u00e4nasest punktis\u00fcsteemist nende k\u00fcmnendike ja tuhandike m\u00f5istes aru. Tehniliselt v\u00f5itsin superp\u00fchap\u00e4eva kolme tuhandikuga, aga ainult Power Stage\u2019il l\u00e4hevad tuhandikud arvesse, mitte aga p\u00e4eva kokkuv\u00f5ttes,\u201c oli Solberg \u00fcllatunud, vahendab <a rel=\"noopener follow nofollow\" target=\"_blank\" href=\"https:\/\/www.rallit.fi\/oliver-solberg-hakeltyi-rallin-mm-sarjan-erikoisesta-saannosta-en-ymmarra\/\" data-rel-date-range=\"[]\">Rallit.fi<\/a>.<\/p>\n<p>Kokkuv\u00f5ttes j\u00e4i Solberg viimase p\u00e4evaga siiski rahule. \u201eIgatahes sain \u00fcheksa punkti, seega olen rahul. V\u00f5itsime Power Stage\u2019i ja meil oli niikuinii tugev p\u00e4ev,\u201c lisas ta. <\/p>\n<p>Solberg on MM-sarja \u00fcldarvestuses kolmandal kohal 175 punktiga. Kolm etappi enne hooaja l\u00f5ppu edestavad teda meeskonnakaaslased <a rel=\"noopener nofollow\" target=\"_blank\" href=\"https:\/\/www.delfi.ee\/teema\/71230759\/elfyn-evans\" tag-id=\"71230759\">Elfyn Evans<\/a> (216 p) ja <a rel=\"noopener nofollow\" target=\"_blank\" href=\"https:\/\/www.delfi.ee\/teema\/96848438\/sami-pajari\" tag-id=\"96848438\">Sami Pajari<\/a> (196 p). <\/p>\n<p>Hooaja 12. etapp toimub j\u00e4rgmisel n\u00e4dalal T\u0161iilis. <\/p>\n<p>Kuidas see lugu Sind end tundma pani?Saada<a href=\"https:\/\/sport.delfi.ee\/artikkel\/120608194\/solberg-imestab-mm-sarja-punktisusteemi-ule-ma-ei-saa-sellest-aru\/kommentaarid\" class=\"button button--primary button--size-auto article-body-bottom__comment article-body-bottom__comment--write\" style=\"\" rel=\"nofollow noopener\" target=\"_blank\">Kommenteeri<\/a><a href=\"https:\/\/sport.delfi.ee\/artikkel\/120608194\/solberg-imestab-mm-sarja-punktisusteemi-ule-ma-ei-saa-sellest-aru\/kommentaarid\" class=\"button button--size-auto article-body-bottom__comment article-body-bottom__comment--read\" style=\"\" rel=\"nofollow noopener\" target=\"_blank\">Loe kommentaare (6)<\/a><\/p>\n","protected":false},"excerpt":{"rendered":"24-aastane Solberg piirdus L\u00f5una-Ameerika etapil viienda kohaga, kuid oli heas hoos p\u00fchap\u00e4eval, kus n\u00e4itas tiimikaaslase Sebastien Ogier`ga sama&hellip;\n","protected":false},"author":2,"featured_media":267880,"comment_status":"","ping_status":"","sticky":false,"template":"","format":"standard","meta":{"footnotes":"","_share_on_mastodon":"0"},"categories":[18],"tags":[37,33,35,3307,34,36,3730,6863,3000,159,158,1192],"class_list":["post-267879","post","type-post","status-publish","format-standard","has-post-thumbnail","category-sport","tag-ee","tag-eesti","tag-eesti-keel","tag-elfyn-evans","tag-estonia","tag-estonian","tag-oliver-solberg","tag-sami-pajari","tag-sebastien-ogier","tag-sport","tag-sports","tag-wrc"],"share_on_mastodon":{"url":"https:\/\/pubeurope.com\/@ee\/117208665487869441","error":""},"_links":{"self":[{"href":"https:\/\/www.europesays.com\/ee\/wp-json\/wp\/v2\/posts\/267879","targetHints":{"allow":["GET"]}}],"collection":[{"href":"https:\/\/www.europesays.com\/ee\/wp-json\/wp\/v2\/posts"}],"about":[{"href":"https:\/\/www.europesays.com\/ee\/wp-json\/wp\/v2\/types\/post"}],"author":[{"embeddable":true,"href":"https:\/\/www.europesays.com\/ee\/wp-json\/wp\/v2\/users\/2"}],"replies":[{"embeddable":true,"href":"https:\/\/www.europesays.com\/ee\/wp-json\/wp\/v2\/comments?post=267879"}],"version-history":[{"count":0,"href":"https:\/\/www.europesays.com\/ee\/wp-json\/wp\/v2\/posts\/267879\/revisions"}],"wp:featuredmedia":[{"embeddable":true,"href":"https:\/\/www.europesays.com\/ee\/wp-json\/wp\/v2\/media\/267880"}],"wp:attachment":[{"href":"https:\/\/www.europesays.com\/ee\/wp-json\/wp\/v2\/media?parent=267879"}],"wp:term":[{"taxonomy":"category","embeddable":true,"href":"https:\/\/www.europesays.com\/ee\/wp-json\/wp\/v2\/categories?post=267879"},{"taxonomy":"post_tag","embeddable":true,"href":"https:\/\/www.europesays.com\/ee\/wp-json\/wp\/v2\/tags?post=267879"}],"curies":[{"name":"wp","href":"https:\/\/api.w.org\/{rel}","templated":true}]}}