{"id":267895,"date":"2026-09-03T19:18:21","date_gmt":"2026-09-03T19:18:21","guid":{"rendered":"https:\/\/www.europesays.com\/ee\/267895\/"},"modified":"2026-09-03T19:18:21","modified_gmt":"2026-09-03T19:18:21","slug":"erik-sorga-liitus-taas-floraga-premium-liiga","status":"publish","type":"post","link":"https:\/\/www.europesays.com\/ee\/267895\/","title":{"rendered":"Erik Sorga liitus taas Floraga | Premium liiga"},"content":{"rendered":"<p>Tallinna FC Flora teatas neljap\u00e4eval, et klubiga liitus r\u00fcndaja Erik Sorga.<\/p>\n<p>Eesti meeste koondist 31 korda esindanud Sorga\u00a0m\u00e4ngis Floras esimest korda aastatel 2016-2019. Ta aitas klubi kahel korral Eesti meistriks ja oli 2019. aastal Premium Liiga parim v\u00e4raval\u00f6\u00f6ja 31 tabamusega.<\/p>\n<p>2020. aasta alguses liitus Sorga MLS-i klubiga D.C. United. Seej\u00e4rel m\u00e4ngis ta veel Hollandi (VVV-Venlo), Rootsi (IFK G\u00f6teborg), Bulgaaria (Lokomotov Plovdiv), Aserbaid\u017eaani (Sumgayit PFC), Vietnami (Ho Chi Minh City FC) ja F\u00e4\u00e4ri saarte (HB) klubides kuni p\u00f6\u00f6rdus \u00e4sja tagasi Eestisse.<\/p>\n<p>&#8220;Erik on liikuv ja mitmek\u00fclgne r\u00fcndav m\u00e4ngija, kellel on v\u00e4ga hea realiseerimisoskus ning kes oma osavusega tekitab ka v\u00f5istkonnakaaslastele v\u00f5imalusi. Oleme veendunud, et ta sobib enda omadustelt meie r\u00fcndem\u00e4ngu v\u00e4ga h\u00e4sti ning praegusel tihedal m\u00e4ngude perioodil annab r\u00fcnnakul juurde s\u00fcgavust,&#8221; iseloomustas Flora spordidirektor Taavi Trasberg klubiga taasliitunud edurivimeest.<\/p>\n<p>&#8220;Mul oli karj\u00e4\u00e4ris raske periood. Otsisin pikka aega klubi v\u00e4lismaal, kuid \u00fckski variant ei sobinud \u2013 need olid kas Aasia klubid v\u00f5i Euroopa madalamate liigade meeskonnad. V\u00f5tsin \u00fchendust Floraga, kellega meil on head suhted. Flora aitas mul astuda oma esimese suure sammu v\u00e4lismaale. N\u00fc\u00fcd olen siin ja valmis aitama meeskonda k\u00f5ikides m\u00e4ngudes,&#8221; \u00fctles Sorga.<\/p>\n<p>&#8220;Praegu tahan keskenduda t\u00e4ielikult jalgpallile, aidata meeskonda, l\u00fc\u00fca v\u00e4ravaid, v\u00f5ita m\u00e4nge ja p\u00e4lvida taas kutse Eesti koondisesse,&#8221; j\u00e4tkas koondises\u00e4rgis neli v\u00e4ravat l\u00f6\u00f6nud r\u00fcndaja.<\/p>\n<p>&#8220;Flora meeskond on v\u00e4ga noor ja mitmetel m\u00e4ngijatel pole veel palju kogemusi. Mina tulin siia juba kogenud vanema m\u00e4ngijana ja olen valmis noori nende arenguteel toetama. Emotsioonid on ainult positiivsed &#8211; tunnen paljusid mehi, seega kohanemine l\u00e4heb kiiresti, kuid samuti on meeskonnas palju noori m\u00e4ngijaid, kellega ma m\u00e4ngin koos esimest korda. Iga treeningu ja m\u00e4nguga \u00f5pin meeskonda \u00fcha paremini tundma,&#8221; lisas Sorga.<\/p>\n","protected":false},"excerpt":{"rendered":"Tallinna FC Flora teatas neljap\u00e4eval, et klubiga liitus r\u00fcndaja Erik Sorga. Eesti meeste koondist 31 korda esindanud Sorga\u00a0m\u00e4ngis&hellip;\n","protected":false},"author":2,"featured_media":267896,"comment_status":"","ping_status":"","sticky":false,"template":"","format":"standard","meta":{"footnotes":"","_share_on_mastodon":"0"},"categories":[5],"tags":[26,27,37,33,35,10869,34,36,31,32,21,28,29,19,25,1465,23,24,22,20,30],"class_list":["post-267895","post","type-post","status-publish","format-standard","has-post-thumbnail","category-uldised-uudised","tag-breaking-news","tag-breakingnews","tag-ee","tag-eesti","tag-eesti-keel","tag-erik-sorga","tag-estonia","tag-estonian","tag-featured-news","tag-featurednews","tag-headlines","tag-latest-news","tag-latestnews","tag-news","tag-populaarseimad-lood","tag-tallinna-fc-flora","tag-top-stories","tag-topstories","tag-uldised-uudised","tag-uudised","tag-viimased-uudised"],"share_on_mastodon":{"url":"https:\/\/pubeurope.com\/@ee\/117208724500661378","error":""},"_links":{"self":[{"href":"https:\/\/www.europesays.com\/ee\/wp-json\/wp\/v2\/posts\/267895","targetHints":{"allow":["GET"]}}],"collection":[{"href":"https:\/\/www.europesays.com\/ee\/wp-json\/wp\/v2\/posts"}],"about":[{"href":"https:\/\/www.europesays.com\/ee\/wp-json\/wp\/v2\/types\/post"}],"author":[{"embeddable":true,"href":"https:\/\/www.europesays.com\/ee\/wp-json\/wp\/v2\/users\/2"}],"replies":[{"embeddable":true,"href":"https:\/\/www.europesays.com\/ee\/wp-json\/wp\/v2\/comments?post=267895"}],"version-history":[{"count":0,"href":"https:\/\/www.europesays.com\/ee\/wp-json\/wp\/v2\/posts\/267895\/revisions"}],"wp:featuredmedia":[{"embeddable":true,"href":"https:\/\/www.europesays.com\/ee\/wp-json\/wp\/v2\/media\/267896"}],"wp:attachment":[{"href":"https:\/\/www.europesays.com\/ee\/wp-json\/wp\/v2\/media?parent=267895"}],"wp:term":[{"taxonomy":"category","embeddable":true,"href":"https:\/\/www.europesays.com\/ee\/wp-json\/wp\/v2\/categories?post=267895"},{"taxonomy":"post_tag","embeddable":true,"href":"https:\/\/www.europesays.com\/ee\/wp-json\/wp\/v2\/tags?post=267895"}],"curies":[{"name":"wp","href":"https:\/\/api.w.org\/{rel}","templated":true}]}}