{"id":267905,"date":"2026-09-03T19:28:09","date_gmt":"2026-09-03T19:28:09","guid":{"rendered":"https:\/\/www.europesays.com\/ee\/267905\/"},"modified":"2026-09-03T19:28:09","modified_gmt":"2026-09-03T19:28:09","slug":"keskkonnaagentuur-hoiatab-oosel-jouab-eestisse-tugev-sadu-ja-aike-oodata-on-kuni-40-mm-sademeid","status":"publish","type":"post","link":"https:\/\/www.europesays.com\/ee\/267905\/","title":{"rendered":"Keskkonnaagentuur hoiatab: \u00f6\u00f6sel j\u00f5uab Eestisse tugev sadu ja \u00e4ike. Oodata on kuni 40 mm sademeid"},"content":{"rendered":"<p>Homme suundub madalr\u00f5hkkond Soome, aga selle serva m\u00f6\u00f6da liigub Taani v\u00e4inade kohalt v\u00e4ike osats\u00fcklon \u00fches rohke niiskusega L\u00e4\u00e4nemerele ja p\u00e4eva jooksul \u00fcle Eesti. \u00d6\u00f6 hakul j\u00f5uab tihe vihmasadu Liivi lahele ja laieneb kiiresti \u00fcle mandri, on \u00e4ikeseoht. <\/p>\n<p>P\u00e4eval sajab hooti vihma, kohati on sadu veel tugev, p\u00fcsib \u00e4ikeseoht. Tugevat sadu on eelk\u00f5ige Edela- ja Kesk-Eestis ning ka Virumaal. \u00d5htuks saab L\u00e4\u00e4ne- ja Loode-Eestis suurem sadu l\u00e4bi ja pilved h\u00f5renevad. Tuul puhub l\u00f5unakaarest, p\u00e4eval saartest alates l\u00e4\u00e4nekaarest ning ulatub puhanguti 15 m\/s eelk\u00f5ige Liivi lahe \u00e4\u00e4res ja maa l\u00f5unaosas, aga ka \u00e4ikesepilvede all. \u00d5hutemperatuur on \u00f6\u00f6sel 8&#8230;13, rannikul kuni 15 \u00b0C, p\u00e4eval 13&#8230;18 \u00b0C.<\/p>\n<p>Laup\u00e4eva (5.09) \u00f6\u00f6sel on madalr\u00f5hulohu m\u00f5jul tihedama sajuga Liivi lahe \u00fcmbrus, L\u00f5una-Eesti ja Peipsi \u00fcmbrus. P\u00e4eval koondub madalr\u00f5hkkond Venemaa kohale, aga selle serva m\u00f6\u00f6da lisanduvast niiskusest tuleb \u00fcle maa sagedasi vihmahooge. \u00d5htupoolikul pilved ja sajuhood harvenevad. L\u00e4\u00e4nekaare tuul tugevneb. \u00d5hutemperatuur on \u00f6\u00f6sel 7&#8230;12, rannikul kuni 15 \u00b0C, p\u00e4eval 14&#8230;18 \u00b0C.<\/p>\n<p>P\u00fchap\u00e4eval (6.09) koondub madalr\u00f5hkkond Venemaa p\u00f5hjaaladele, aga muutub aktiivsemaks ja selle edelaservas puhub meil v\u00f5rdlemisi tugev l\u00e4\u00e4ne- ja loodetuul. Vihmahooge on \u00f6\u00f6sel h\u00f5redalt, p\u00e4eval laialdasemalt, aga need on pigem l\u00fchiajalised ja sajuhulk j\u00e4\u00e4b v\u00f5rdlemisi v\u00e4ikeseks. \u00d5hutemperatuur on \u00f6\u00f6sel 6&#8230;11, rannikul kuni 15 \u00b0C, p\u00e4eval 15&#8230;18 \u00b0C.<\/p>\n<p>Kuidas see lugu Sind end tundma pani?Saada<a href=\"https:\/\/maaleht.delfi.ee\/artikkel\/120608265\/keskkonnaagentuur-hoiatab-oosel-jouab-eestisse-tugev-sadu-ja-aike-oodata-on-kuni-40-mm-sademeid\/kommentaarid\" class=\"button button--primary button--size-auto article-body-bottom__comment article-body-bottom__comment--write\" style=\"\" rel=\"nofollow noopener\" target=\"_blank\">Kommenteeri<\/a><a href=\"https:\/\/maaleht.delfi.ee\/artikkel\/120608265\/keskkonnaagentuur-hoiatab-oosel-jouab-eestisse-tugev-sadu-ja-aike-oodata-on-kuni-40-mm-sademeid\/kommentaarid\" class=\"button button--size-auto article-body-bottom__comment article-body-bottom__comment--read\" style=\"\" rel=\"nofollow noopener\" target=\"_blank\">Loe kommentaare (11)<\/a><\/p>\n","protected":false},"excerpt":{"rendered":"Homme suundub madalr\u00f5hkkond Soome, aga selle serva m\u00f6\u00f6da liigub Taani v\u00e4inade kohalt v\u00e4ike osats\u00fcklon \u00fches rohke niiskusega L\u00e4\u00e4nemerele&hellip;\n","protected":false},"author":2,"featured_media":267906,"comment_status":"","ping_status":"","sticky":false,"template":"","format":"standard","meta":{"footnotes":"","_share_on_mastodon":"0"},"categories":[12],"tags":[26,27,37,33,35,34,36,31,32,21,668,3963,28,29,19,25,23,24,22,20,4324,30],"class_list":["post-267905","post","type-post","status-publish","format-standard","has-post-thumbnail","category-eesti","tag-breaking-news","tag-breakingnews","tag-ee","tag-eesti","tag-eesti-keel","tag-estonia","tag-estonian","tag-featured-news","tag-featurednews","tag-headlines","tag-ilm","tag-ilmateade","tag-latest-news","tag-latestnews","tag-news","tag-populaarseimad-lood","tag-top-stories","tag-topstories","tag-uldised-uudised","tag-uudised","tag-vihm","tag-viimased-uudised"],"share_on_mastodon":{"url":"https:\/\/pubeurope.com\/@ee\/117208763907272149","error":""},"_links":{"self":[{"href":"https:\/\/www.europesays.com\/ee\/wp-json\/wp\/v2\/posts\/267905","targetHints":{"allow":["GET"]}}],"collection":[{"href":"https:\/\/www.europesays.com\/ee\/wp-json\/wp\/v2\/posts"}],"about":[{"href":"https:\/\/www.europesays.com\/ee\/wp-json\/wp\/v2\/types\/post"}],"author":[{"embeddable":true,"href":"https:\/\/www.europesays.com\/ee\/wp-json\/wp\/v2\/users\/2"}],"replies":[{"embeddable":true,"href":"https:\/\/www.europesays.com\/ee\/wp-json\/wp\/v2\/comments?post=267905"}],"version-history":[{"count":0,"href":"https:\/\/www.europesays.com\/ee\/wp-json\/wp\/v2\/posts\/267905\/revisions"}],"wp:featuredmedia":[{"embeddable":true,"href":"https:\/\/www.europesays.com\/ee\/wp-json\/wp\/v2\/media\/267906"}],"wp:attachment":[{"href":"https:\/\/www.europesays.com\/ee\/wp-json\/wp\/v2\/media?parent=267905"}],"wp:term":[{"taxonomy":"category","embeddable":true,"href":"https:\/\/www.europesays.com\/ee\/wp-json\/wp\/v2\/categories?post=267905"},{"taxonomy":"post_tag","embeddable":true,"href":"https:\/\/www.europesays.com\/ee\/wp-json\/wp\/v2\/tags?post=267905"}],"curies":[{"name":"wp","href":"https:\/\/api.w.org\/{rel}","templated":true}]}}