{"id":267915,"date":"2026-09-03T19:38:06","date_gmt":"2026-09-03T19:38:06","guid":{"rendered":"https:\/\/www.europesays.com\/ee\/267915\/"},"modified":"2026-09-03T19:38:06","modified_gmt":"2026-09-03T19:38:06","slug":"costa-lubas-euroopa-liidu-surve-suurendamist-venemaale-valismaa","status":"publish","type":"post","link":"https:\/\/www.europesays.com\/ee\/267915\/","title":{"rendered":"Costa lubas Euroopa Liidu surve suurendamist Venemaale | V\u00e4lismaa"},"content":{"rendered":"<p>Euroopa Liit suurendab survet Venemaale, kuni see l\u00f5petab tapmise ja n\u00e4itab \u00fcles t\u00f5elist p\u00fchendumust rahule, \u00fctles neljap\u00e4eval Euroopa \u00dclemkogu eesistuja Ant\u00f3nio Costa.<\/p>\n<p>Costa r\u00e4\u00e4kis teemal Sofias p\u00e4rast kohtumist Bulgaaria peaministri Rumen Radeviga.<\/p>\n<p>&#8220;Euroopa julgeolek on seotud ka laienemisega. Ukraina, Moldova ja L\u00e4\u00e4ne-Balkan kuuluvad meie liitu. Iga\u00fcks liigub edasi oma teenete p\u00f5hjal ja k\u00f5iki koheldakse v\u00f5rdselt. See on k\u00f5ige olulisem geopoliitiline investeering, mida Euroopa Liit saab ja peab tegema,&#8221; \u00fctles Costa.<\/p>\n<p>&#8220;Kuigi kandidaatriigid peavad viima ellu vajalikud reformid ja t\u00e4itma oma varasemad kohustused, siis on samal ajal oluline, et ka meie annaksime oma panuse, astudes nendega konstruktiivsesse dialoogi ja tunnustades tehtud edusamme,&#8221; s\u00f5nas ametnik.<\/p>\n<p>Costa t\u00f5stis eraldi esile Ukraina abistamiseks tehtavate \u00fchiste j\u00f5upingutuste j\u00e4tkamise t\u00e4htsust s\u00f5jas Venemaa vastu ning m\u00e4rkis Venemaa \u00fcha vaenulikumat k\u00e4itumist Euroopa Liidu suhtes.<\/p>\n<p>&#8220;Meie sihikindlus Ukraina toetamisel, kui riik end kaitseb ning t\u00f6\u00f6tab \u00f5iglase ja p\u00fcsiva rahu nimel, ei ole kordagi k\u00f5ikunud. Ja nagu te teate, siis ulatub Venemaa vaenulik k\u00e4itumine Ukrainast kaugemale. Me n\u00e4eme seda Euroopa Liidu territooriumil. Droonid meie piiridel, k\u00fcberr\u00fcnnakud, kriitilise taristu h\u00e4irimine ja katsed \u00f5\u00f5nestada meie demokraatiat. Venemaal on aeg see s\u00f5da peatada ja mitte seda eskaleerida,&#8221; j\u00e4tkas Costa.<\/p>\n<p>Eesistuja lisas, et Venemaa \u00e4hvardused ja hirmutamine ei v\u00e4henda \u00fchenduse otsusekindlust toetada Ukrainat nii kaua, kuni see on vajalik.<\/p>\n<p>&#8220;Kuni saavutatakse \u00f5iglane ja p\u00fcsiv rahu,&#8221; s\u00f5nas Costa.<\/p>\n<p>&#8220;Venemaa peab m\u00f5istma, et Euroopa ei anna j\u00e4rele. Me vastupidi suurendame survet Venemaale, kuni see l\u00f5petab tapmise ja n\u00e4itab \u00fcles t\u00f5elist p\u00fchendumust rahule. On aeg peatada s\u00f5da. On aeg kehtestada relvarahu ja alustada t\u00f5elisi rahuk\u00f5nelusi,&#8221; l\u00f5petas eesistuja.<\/p>\n","protected":false},"excerpt":{"rendered":"Euroopa Liit suurendab survet Venemaale, kuni see l\u00f5petab tapmise ja n\u00e4itab \u00fcles t\u00f5elist p\u00fchendumust rahule, \u00fctles neljap\u00e4eval Euroopa&hellip;\n","protected":false},"author":2,"featured_media":267916,"comment_status":"","ping_status":"","sticky":false,"template":"","format":"standard","meta":{"footnotes":"","_share_on_mastodon":"0"},"categories":[80],"tags":[26,27,37,33,35,34,36,590,31,32,21,28,29,95,19,25,9336,23,24,124,22,20,96,30,92,93,94],"class_list":["post-267915","post","type-post","status-publish","format-standard","has-post-thumbnail","category-maailm","tag-breaking-news","tag-breakingnews","tag-ee","tag-eesti","tag-eesti-keel","tag-estonia","tag-estonian","tag-euroopa-liit","tag-featured-news","tag-featurednews","tag-headlines","tag-latest-news","tag-latestnews","tag-maailm","tag-news","tag-populaarseimad-lood","tag-rumen-radev","tag-top-stories","tag-topstories","tag-ukraina-soda","tag-uldised-uudised","tag-uudised","tag-venemaa","tag-viimased-uudised","tag-world","tag-world-news","tag-worldnews"],"share_on_mastodon":{"url":"https:\/\/pubeurope.com\/@ee\/117208803371189272","error":""},"_links":{"self":[{"href":"https:\/\/www.europesays.com\/ee\/wp-json\/wp\/v2\/posts\/267915","targetHints":{"allow":["GET"]}}],"collection":[{"href":"https:\/\/www.europesays.com\/ee\/wp-json\/wp\/v2\/posts"}],"about":[{"href":"https:\/\/www.europesays.com\/ee\/wp-json\/wp\/v2\/types\/post"}],"author":[{"embeddable":true,"href":"https:\/\/www.europesays.com\/ee\/wp-json\/wp\/v2\/users\/2"}],"replies":[{"embeddable":true,"href":"https:\/\/www.europesays.com\/ee\/wp-json\/wp\/v2\/comments?post=267915"}],"version-history":[{"count":0,"href":"https:\/\/www.europesays.com\/ee\/wp-json\/wp\/v2\/posts\/267915\/revisions"}],"wp:featuredmedia":[{"embeddable":true,"href":"https:\/\/www.europesays.com\/ee\/wp-json\/wp\/v2\/media\/267916"}],"wp:attachment":[{"href":"https:\/\/www.europesays.com\/ee\/wp-json\/wp\/v2\/media?parent=267915"}],"wp:term":[{"taxonomy":"category","embeddable":true,"href":"https:\/\/www.europesays.com\/ee\/wp-json\/wp\/v2\/categories?post=267915"},{"taxonomy":"post_tag","embeddable":true,"href":"https:\/\/www.europesays.com\/ee\/wp-json\/wp\/v2\/tags?post=267915"}],"curies":[{"name":"wp","href":"https:\/\/api.w.org\/{rel}","templated":true}]}}