{"id":267917,"date":"2026-09-03T19:39:53","date_gmt":"2026-09-03T19:39:53","guid":{"rendered":"https:\/\/www.europesays.com\/ee\/267917\/"},"modified":"2026-09-03T19:39:53","modified_gmt":"2026-09-03T19:39:53","slug":"kosel-kanepikasvandust-pidanud-mehed-moisteti-suudi","status":"publish","type":"post","link":"https:\/\/www.europesays.com\/ee\/267917\/","title":{"rendered":"Kosel kanepikasvandust pidanud mehed m\u00f5isteti s\u00fc\u00fcdi"},"content":{"rendered":"<p>S\u00fc\u00fcdistuse kohaselt tegutsesid mehed kanepi kasvatamisega Kose vallas asuvas Valli m\u00f5isas alates 2024. aasta augustist kuni k\u00e4esoleva aasta m\u00e4rtsini, mil politsei nad kinni pidas. Meeste valdusest leiti ja v\u00f5eti pea 30 kilogrammi kanepit ja kanepi\u00f5isikuid ning hulgaliselt erinevaid kasvatamiseks m\u00f5eldud seadmeid nagu soojusvalgusteid, kasvatuslampe, ventilatsiooni-, \u00f5hufiltri-, kastmis- ja ka v\u00e4etamiss\u00fcsteeme.<\/p>\n<p>Menetlust juhtinud prokur\u00f6ri Jakob Juksaare s\u00f5nul viitab selline kanepikasvanduse mastaap eesm\u00e4rgile teenida kriminaalset tulu. \u201eLeitud ja konfiskeeritud kogusest piisaks joobe tekitamiseks v\u00e4hemalt 44 500 inimesele. See n\u00e4itab selgelt, et meeste eesm\u00e4rk oli kasvatada ainet edasim\u00fc\u00fcgiks ning rikastuda inimeste tervise arvelt,\u201c t\u00f5des prokur\u00f6r.<\/p>\n<p>Juksaar lisas, et m\u00f5lemalt mehelt n\u00f5uti vara konfiskeerimise asendusena v\u00e4lja 10 000 eurot. \u201eArvestades nende pikaajalist tegevust ja kasvatuses avanenud vaatepilti, pidid mehed j\u00f5udma vahepealsel ajal teenida kanepi ebaseaduslikust m\u00fc\u00fcgist tulu,\u201c \u00fctles ta.<\/p>\n<p>P\u00f5hja prefektuuri narko- ja organiseeritud kuritegude talituse juhi Artur Kamnerovi s\u00f5nul viis p\u00f5hjalik ja j\u00e4rjepidev t\u00f6\u00f6 kanepikasvanduse avastamiseni. \u201eKogusime t\u00f5endeid, j\u00e4lgisime kurjategijate tegevust ning kui vajalik info oli koos, pidasime mehed kinni. Kohapeal avanenud pilt kinnitas, et tegemist ei olnud enda tarbeks kasvatatud kanepiga, vaid kasu teenimise eesm\u00e4rgil rajatud kanepikasvandusega. Kurjategijad v\u00f5ivad k\u00fcll arvata, et nende tegevus j\u00e4\u00e4b varjatuks, kuid varem v\u00f5i hiljem j\u00f5uab politsei nendeni,\u201c r\u00e4\u00e4kis Kamnerov.<\/p>\n<p>Kokkuleppemenetluses m\u00f5isteti mehed s\u00fc\u00fcdi. Meelis P\u00e4hnale m\u00e4\u00e4rati karistuseks neli ja pool aastat vangistust. Serafim Gerzunile m\u00f5isteti karistuseks viis aastat vangistust, millest koheselt tuleb \u00e4ra kanda \u00fcheksa kuud. \u00dclej\u00e4\u00e4nut ei p\u00f6\u00f6rata t\u00e4itmisele, kui mees t\u00e4idab katseajal s\u00e4testatud n\u00f5udeid ja muuhulgas allub k\u00e4itumiskontrollile ja l\u00e4bib sotsiaalprogrammi. Menetlus j\u00e4tkub veel kolmanda kahtlustatava osas.<\/p>\n<p>Otsus ei ole veel j\u00f5ustunud.<\/p>\n<p><a href=\"https:\/\/www.delfi.ee\/artikkel\/120607916\/kosel-kanepikasvandust-pidanud-mehed-moisteti-suudi\/kommentaarid\" class=\"button button--primary button--size-auto article-body-bottom__comment article-body-bottom__comment--write\" style=\"\" rel=\"nofollow noopener\" target=\"_blank\">Kommenteeri<\/a><a href=\"https:\/\/www.delfi.ee\/artikkel\/120607916\/kosel-kanepikasvandust-pidanud-mehed-moisteti-suudi\/kommentaarid\" class=\"button button--size-auto article-body-bottom__comment article-body-bottom__comment--read\" style=\"\" rel=\"nofollow noopener\" target=\"_blank\">Loe kommentaare (5)<\/a><\/p>\n","protected":false},"excerpt":{"rendered":"S\u00fc\u00fcdistuse kohaselt tegutsesid mehed kanepi kasvatamisega Kose vallas asuvas Valli m\u00f5isas alates 2024. aasta augustist kuni k\u00e4esoleva aasta&hellip;\n","protected":false},"author":2,"featured_media":267918,"comment_status":"","ping_status":"","sticky":false,"template":"","format":"standard","meta":{"footnotes":"","_share_on_mastodon":"0"},"categories":[12],"tags":[687,679,667,26,27,673,688,663,662,37,33,35,684,683,692,34,36,31,32,208,148,21,206,668,669,381,686,677,694,691,339,680,28,29,671,672,377,690,144,678,665,19,693,676,666,25,322,664,150,695,685,159,394,682,674,675,23,24,689,222,22,20,670,681,149,30],"class_list":["post-267917","post","type-post","status-publish","format-standard","has-post-thumbnail","category-eesti","tag-ajaviide","tag-autoleht","tag-blog","tag-breaking-news","tag-breakingnews","tag-cv","tag-date","tag-defli","tag-delfi","tag-ee","tag-eesti","tag-eesti-keel","tag-ekaart","tag-email","tag-erootika","tag-estonia","tag-estonian","tag-featured-news","tag-featurednews","tag-film","tag-foto","tag-headlines","tag-horoskoop","tag-ilm","tag-ilmaennustus","tag-internet","tag-kaart","tag-kava","tag-kindlustus","tag-kinnisvara","tag-kuulutused","tag-lasteleht","tag-latest-news","tag-latestnews","tag-loto","tag-majandus","tag-mangud","tag-mobiil","tag-muusika","tag-naisteleht","tag-naljad","tag-news","tag-otsing","tag-pank","tag-pilt","tag-populaarseimad-lood","tag-raadio","tag-reklaam","tag-seks","tag-sms","tag-solo","tag-sport","tag-tarkvara","tag-tasuta","tag-too","tag-toopakkumised","tag-top-stories","tag-topstories","tag-tutvus","tag-tv","tag-uldised-uudised","tag-uudised","tag-valimised","tag-valuuta","tag-video","tag-viimased-uudised"],"share_on_mastodon":{"url":"","error":"Validation failed: Text character limit of 500 exceeded"},"_links":{"self":[{"href":"https:\/\/www.europesays.com\/ee\/wp-json\/wp\/v2\/posts\/267917","targetHints":{"allow":["GET"]}}],"collection":[{"href":"https:\/\/www.europesays.com\/ee\/wp-json\/wp\/v2\/posts"}],"about":[{"href":"https:\/\/www.europesays.com\/ee\/wp-json\/wp\/v2\/types\/post"}],"author":[{"embeddable":true,"href":"https:\/\/www.europesays.com\/ee\/wp-json\/wp\/v2\/users\/2"}],"replies":[{"embeddable":true,"href":"https:\/\/www.europesays.com\/ee\/wp-json\/wp\/v2\/comments?post=267917"}],"version-history":[{"count":0,"href":"https:\/\/www.europesays.com\/ee\/wp-json\/wp\/v2\/posts\/267917\/revisions"}],"wp:featuredmedia":[{"embeddable":true,"href":"https:\/\/www.europesays.com\/ee\/wp-json\/wp\/v2\/media\/267918"}],"wp:attachment":[{"href":"https:\/\/www.europesays.com\/ee\/wp-json\/wp\/v2\/media?parent=267917"}],"wp:term":[{"taxonomy":"category","embeddable":true,"href":"https:\/\/www.europesays.com\/ee\/wp-json\/wp\/v2\/categories?post=267917"},{"taxonomy":"post_tag","embeddable":true,"href":"https:\/\/www.europesays.com\/ee\/wp-json\/wp\/v2\/tags?post=267917"}],"curies":[{"name":"wp","href":"https:\/\/api.w.org\/{rel}","templated":true}]}}