{"id":267945,"date":"2026-09-03T20:10:28","date_gmt":"2026-09-03T20:10:28","guid":{"rendered":"https:\/\/www.europesays.com\/ee\/267945\/"},"modified":"2026-09-03T20:10:28","modified_gmt":"2026-09-03T20:10:28","slug":"ivo-lille-bfm-il-on-potentsiaal-olla-ka-rahvusvaheline-arvamusliider-film","status":"publish","type":"post","link":"https:\/\/www.europesays.com\/ee\/267945\/","title":{"rendered":"Ivo Lille: BFM-il on potentsiaal olla ka rahvusvaheline arvamusliider | Film"},"content":{"rendered":"<p>Sellest s\u00fcgisest Balti filmi, meedia ja kunstide instituuti (BFM) juhtiv Ivo Lille r\u00e4\u00e4kis &#8220;Terevisioonis&#8221;, et BFM-il on potentsiaali olla oma valdkondades rahvusvaheline arvamusliider.<\/p>\n<p>Varem Georg Otsa nimelist muusikakooli juhtinud (2017\u20132021) Lille s\u00f5nul oli koolijuhi periood tema elus enesearengu seisukohalt v\u00e4ga oluline ja m\u00e4\u00e4rav. &#8220;Vabamu muuseumit juhtides tekkis soov seda tunnet uuesti saada, minna \u00f5ppekeskkonda, kooli. Kui BFM-il see konkurss avalikuks l\u00e4ks, siis ma m\u00f5tlesin proovida,&#8221; selgitas Lille.<\/p>\n<p>&#8220;BFM on kaubam\u00e4rgina iseenesest v\u00e4ga tugev ja paljudele inimestele on see v\u00f5ib-olla \u00fcllatuseks, et see on endiselt Tallinna \u00fclikooli all ja selle instituut. BFM-i alla on koondunud lisaks filmiharidusele ka kommunikatsiooni- ja meediaharidus ning kunstide- ja didaktikaharidus. Kool on h\u00e4sti mitmetahuline, aga \u00fchendab seda loovus, loovuse arendamine, lugude r\u00e4\u00e4kimine, enese v\u00e4ljendamine ja maailma m\u00f5testamine l\u00e4bi hariduse,&#8221; r\u00e4\u00e4kis Lille.<\/p>\n<p>Koolijuht t\u00f5des, et \u00fckski kool ega organisatsioon ei ole kunagi l\u00f5puni valmis. &#8220;K\u00fcsimus, et mida tegema ja kuhu suunas liikuma, ongi diskussioonide ja aja k\u00fcsimus. Maailm muutub nii kiiresti. Praegu teame, kuidas tehnoloogia v\u00f5tab p\u00e4ris suurt rolli: kuidas meie selleks sobitume? Kas me oleme selleks valmis? Milline osa on selles kontekstis kirjutajatel ja r\u00e4\u00e4kijatel? See hakkab m\u00f5jutama \u00f5ppekavasid, erialasid ja muutub v\u00e4ga kiiresti,&#8221; t\u00f5des koolijuht.<\/p>\n<p>&#8220;\u00dcks pool on meie valmisolek seda k\u00f5ike vastu v\u00f5tta, kasutada ja olla isegi sammuke ees. Teine asi on eetilised k\u00fcsimused, mis seal samamoodi tekivad. Olles hiljuti vestelnud ka inimestega, kes on olnud seotud Silicon Valleyga, siis tegelikult otsitakse ikkagi programmeerimise, tehnoloogia ja \u00e4rikeskkonna inimeste k\u00f5rvale inimesi, kes suudaksid m\u00f5elda loovalt. Selliseid, kes m\u00f5istaksid inimesi ja nende k\u00e4itumist. See k\u00f5ik on omavahelises seoses ja vajadus loovinimeste loojutustamise ning m\u00f5ttemaailma j\u00e4rgi ei kao.&#8221;<\/p>\n<p>Lille s\u00f5nul on BFM-il potentsiaal olla ka rahvusvaheliselt arvamusliider valdkondades, mida \u00f5petatakse. &#8220;Alates filmist, meediast kui ka kultuurist ja didaktikast. Selleks, et rahvusvahelisel maastikul n\u00e4htavale j\u00f5uda v\u00f5i mingit m\u00f5ju saavutada, peame k\u00f5igepealt enda sisse vaatama. Olema Eestis oma teadmistega kompetentsikeskus ja siis juba organisatsioonina olema \u00fcks kogukond.&#8221;<\/p>\n","protected":false},"excerpt":{"rendered":"Sellest s\u00fcgisest Balti filmi, meedia ja kunstide instituuti (BFM) juhtiv Ivo Lille r\u00e4\u00e4kis &#8220;Terevisioonis&#8221;, et BFM-il on potentsiaali&hellip;\n","protected":false},"author":2,"featured_media":267946,"comment_status":"","ping_status":"","sticky":false,"template":"","format":"standard","meta":{"footnotes":"","_share_on_mastodon":"0"},"categories":[16],"tags":[11673,37,33,35,173,34,36,80012,140,4437],"class_list":["post-267945","post","type-post","status-publish","format-standard","has-post-thumbnail","category-meelelahutus","tag-bfm","tag-ee","tag-eesti","tag-eesti-keel","tag-entertainment","tag-estonia","tag-estonian","tag-ivo-lille","tag-meelelahutus","tag-terevisioon"],"share_on_mastodon":{"url":"https:\/\/pubeurope.com\/@ee\/117208929359030557","error":""},"_links":{"self":[{"href":"https:\/\/www.europesays.com\/ee\/wp-json\/wp\/v2\/posts\/267945","targetHints":{"allow":["GET"]}}],"collection":[{"href":"https:\/\/www.europesays.com\/ee\/wp-json\/wp\/v2\/posts"}],"about":[{"href":"https:\/\/www.europesays.com\/ee\/wp-json\/wp\/v2\/types\/post"}],"author":[{"embeddable":true,"href":"https:\/\/www.europesays.com\/ee\/wp-json\/wp\/v2\/users\/2"}],"replies":[{"embeddable":true,"href":"https:\/\/www.europesays.com\/ee\/wp-json\/wp\/v2\/comments?post=267945"}],"version-history":[{"count":0,"href":"https:\/\/www.europesays.com\/ee\/wp-json\/wp\/v2\/posts\/267945\/revisions"}],"wp:featuredmedia":[{"embeddable":true,"href":"https:\/\/www.europesays.com\/ee\/wp-json\/wp\/v2\/media\/267946"}],"wp:attachment":[{"href":"https:\/\/www.europesays.com\/ee\/wp-json\/wp\/v2\/media?parent=267945"}],"wp:term":[{"taxonomy":"category","embeddable":true,"href":"https:\/\/www.europesays.com\/ee\/wp-json\/wp\/v2\/categories?post=267945"},{"taxonomy":"post_tag","embeddable":true,"href":"https:\/\/www.europesays.com\/ee\/wp-json\/wp\/v2\/tags?post=267945"}],"curies":[{"name":"wp","href":"https:\/\/api.w.org\/{rel}","templated":true}]}}