{"id":267947,"date":"2026-09-03T20:11:13","date_gmt":"2026-09-03T20:11:13","guid":{"rendered":"https:\/\/www.europesays.com\/ee\/267947\/"},"modified":"2026-09-03T20:11:13","modified_gmt":"2026-09-03T20:11:13","slug":"fotod-seljavoit-eesti-vorkpallikoondis-alistas-kontrollmangus-slovakkia-kindlalt-40","status":"publish","type":"post","link":"https:\/\/www.europesays.com\/ee\/267947\/","title":{"rendered":"FOTOD | Seljav\u00f5it: Eesti v\u00f5rkpallikoondis alistas kontrollm\u00e4ngus Slovakkia kindlalt 4:0"},"content":{"rendered":"<p>Eesti kasuks t\u00f5i M\u00e4rt Tammearu 16 punkti (+14; 3 \u00e4ssa ja 4 blokki), Renee Teppan ja Andres Jefanov lisasid kumbki 7 silma (+3 ja +3), Tristan T\u00e4ht, Alex Saaremaa ja Andri Aganits panustasid v\u00f5itu 6 punkti (+1, +4, +4). Eesti vastuv\u00f5tt oli 40%, r\u00fcnnak 55%, blokist saadi 10 punkti ning servil l\u00f6\u00f6di 7 \u00e4ssa ja eksiti 24 pallingul.<\/p>\n<p>Eestil alustasid algrivistuses Renet Vanker, Renee Teppan, M\u00e4rt Tammearu, Robert T\u00e4ht, Alex Saaremaa, Andri Aganits ja Silver Maar. Vahetusest said veel m\u00e4ngu Tristan T\u00e4ht, Kusti N\u00f5lvak ja Andres Jefanov.<\/p>\n<p>Eestile avageim 25:22. Eesti oli enamus esimesest geimist kergelt tagaajaja rollis, lastes Slovakkia k\u00f5ige rohkem kahe punkti kaugusele. Viimast korda n\u00e4hti viiki tablool seisul 22:22. Geimpalli t\u00f5i Eestile Andri Aganitsa blokk ning pingelise viimase punkti l\u00f5petas kavala hanitusega Tristan T\u00e4ht.<\/p>\n<p>Robert T\u00e4ht t\u00f5i Eestile 4 punkti, Tammearu ja Teppan kumbki 3. <\/p>\n<p>Eestile teine geim 25:22. Alar Rikbergi hoolealused n\u00e4itasid teises geimis juba m\u00e4rksa kindlamat m\u00e4ngu. Slovakkia juhtis viimast korda kahe punktiga seisul 15:13 ja \u00fche punktiga 16:15, peale mida v\u00f5ttis juhtohjad enda k\u00e4tte kodumeeskond. M\u00e4rt Tammearu kolme j\u00e4rjestikuse seriv\u00e4ssa j\u00e4rel oli seis tablool 19:16. Viimast korda p\u00e4\u00e4ses Slovakkia \u00fche punkti kaugusele seisul 22:21. Esimese geimpalli t\u00f5i Eestile Tammearu blokk (24:21), teisel geimpallil l\u00f5id slovakid servi v\u00f5rku. Tammearu arvele j\u00e4i teises geimis 8 punkti, 3 punkti t\u00f5id Tristan T\u00e4ht ja Saaremaa. <\/p>\n<p>Eestile kolmas geim 25:16. Kolmandas geimis Eesti Slovakkiale s\u00f5na\u00f5igust ei andnud, vaid haaras kiirelt 5:1, 7:2 ja 9:3 algedu, hoides turvalist vahet l\u00f5puni. Tammearu saagiks j\u00e4i kolmandas geimis 5 punkti.<\/p>\n<p>Vastavalt meeskondade kokkuleppele m\u00e4ngiti ka neljas geim, mille Eesti v\u00f5itis 25:21.<\/p>\n<p>Eesti kohtub Kalevi spordihallis kolmel j\u00e4rjestikusel p\u00e4eval Slovakkia, L\u00e4ti ja Ukrainaga. Miniturniiri jooksul m\u00e4ngivad k\u00f5ik neli koondist omavahel korra l\u00e4bi.<\/p>\n<p>Kui neljap\u00e4eval ja laup\u00e4eval pannakse Eesti kohtumistes pall m\u00e4ngu kell 19, siis reedene m\u00e4ng l\u00e4tlastega algab kell 16. K\u00f5ik Eesti koondise mat\u0161id on n\u00e4htaval Delfi TV-s.<\/p>\n<p>Peatreener <a rel=\"noopener nofollow\" target=\"_blank\" href=\"https:\/\/www.delfi.ee\/teema\/77962076\/alar-rikberg\" tag-id=\"77962076\">Alar Rikbergi<\/a> hoolealused on seni pidanud viis kontrollkohtumist. Alustuseks v\u00f5ideti kahel korral Rootsit, eelmisel n\u00e4dalal m\u00e4ngis Eesti v\u00f5\u00f5rsil kolm korda Rumeenia vastu. Rumeenlased v\u00f5itsid avamat\u0161i, eestlased teise ning kolmas j\u00e4i viiki.<\/p>\n<p>\u201e\u00dcldine eesm\u00e4rk on otsida v\u00f5imalikku tuumikut EMiks ja m\u00e4ngida ka veidi pikemalt \u00fche toimiva koosseisuga. \u00dches v\u00f5i kahes kohtumises tahame m\u00e4ngida selgelt tulemuse peale ehk k\u00f5ik otsused ja vahetused jms oleksid tehtnud nii nagu teeksin seda EMil,\u201c \u00fctles Rikberg Eesti v\u00f5rkpalliliidu pressiteate vahendusel. \u201eTeine pool on see, et \u00fchegi m\u00e4ngija koormust ei tohi liiga suureks ajada ja kolmes m\u00e4ngus j\u00e4rjest keegi t\u00e4ismahus kaasa ei tee.\u201c<\/p>\n<p>J\u00e4rgmisel n\u00e4dalal algaval EM-il kuuluvad Sinil\u00f5vid Soomes Tamperes toimuvasse C-alagruppi. Lisaks p\u00f5hjanaabritele minnakse vastamisi Belgia, Serbia, Taani ja Hollandiga. Eesti esimene m\u00e4ng on kavas 11. septembril, mil vastamisi minnakse Serbiaga.<\/p>\n<p>Neljap\u00e4eval toimub karikasarjade loos<\/p>\n<p>Neljap\u00e4eval kell 18.30 ehk pool tundi enne Eesti ja Slovakkia mat\u0161i toimub Kalevi spordihallis Eesti karikav\u00f5istluste loosimine, kui paika pannakse nii meeste Aadu Luukase karikav\u00f5istluste paarid kui naiste karikav\u00f5istluste paarid. Loosimist n\u00e4eb otse\u00fclekandes Delfi vahendusel ja fortuunaks on Eesti V\u00f5rkpalli Liidu president Hanno Pevkur.<\/p>\n<p>Sel aastal osaleb karikav\u00f5istlustel 11 meeskonda ja 8 naiskonda, v\u00f5itjad selguvad 16. detsembril Tallinnas toimuval finaalip\u00e4eval. Tiitlikaitsjad on meestest P\u00e4rnu V\u00f5rkpalliklubi ja naistest Rae SK\/VIASTON.<\/p>\n<p>Lisaks selgitatakse ka sel aastal v\u00e4lja nn v\u00e4ikese karika v\u00f5itja ja veerandfinaali kaotanud v\u00f5istkonnad j\u00e4tkavad m\u00e4ngimist v\u00e4ikese karika arvestuses (v\u00e4lja arvatud meistriliiga klubid). M\u00f6\u00f6dunud aastal v\u00f5itis v\u00e4ikese karika Tallinna \u00dclikooli meeskond.<\/p>\n<p>Aadu Luukase karikav\u00f5istlused:<\/p>\n<p>Kohtadele 1 ja 2 loositakse: Tartu Bigbank, P\u00e4rnu V\u00f5rkpalliklubi<\/p>\n<p>Kohtadele 3 \u2013 5 loositakse: Selver x TalTech, Barrus V\u00f5ru V\u00f5rkpalliklubi, Audentes\/Solarstone<\/p>\n<p>Kohtadele 6 \u2013 11 loositakse: EstNor\/Kiili, Structura\/Tartu vald, Eesti Maa\u00fclikool\/Embach, Advokaadib\u00fcroo Premium\/Rae vald, BMF\/Rakvere VK, Tallinna \u00dclikool<\/p>\n<p>Naiste karikav\u00f5istlused:<\/p>\n<p>Kohtadele 1 \u2013 3 loositakse: T\u00dc\/Bigbank, Rae Spordikool\/VIASTON, Audentese SG<\/p>\n<p>Kohtadele 4 \u2013 8 loositakse: TalTech\/NORDAID, Viljandi Metall, Barrus\/V\u00f5ru V\u00f5rkpalliklubi, Viimsi\/Tallinna \u00dclikool, Gerardo\u2019s Toys\/Neemeco<\/p>\n<p>Kuidas see lugu Sind end tundma pani?Saada<a href=\"https:\/\/sport.delfi.ee\/a\/120607775\/kommentaarid\" class=\"button button--primary button--size-auto article-body-bottom__comment article-body-bottom__comment--write\" style=\"\" rel=\"nofollow noopener\" target=\"_blank\">Kommenteeri<\/a><a href=\"https:\/\/sport.delfi.ee\/a\/120607775\/kommentaarid\" class=\"button button--size-auto article-body-bottom__comment article-body-bottom__comment--read\" style=\"\" rel=\"nofollow noopener\" target=\"_blank\">Loe kommentaare (27)<\/a><\/p>\n","protected":false},"excerpt":{"rendered":"Eesti kasuks t\u00f5i M\u00e4rt Tammearu 16 punkti (+14; 3 \u00e4ssa ja 4 blokki), Renee Teppan ja Andres Jefanov&hellip;\n","protected":false},"author":2,"featured_media":267948,"comment_status":"","ping_status":"","sticky":false,"template":"","format":"standard","meta":{"footnotes":"","_share_on_mastodon":"0"},"categories":[18],"tags":[3953,37,33,35,5375,34,36,28144,159,158,1442],"class_list":["post-267947","post","type-post","status-publish","format-standard","has-post-thumbnail","category-sport","tag-alar-rikberg","tag-ee","tag-eesti","tag-eesti-keel","tag-eesti-vorkpallikoondis","tag-estonia","tag-estonian","tag-kalevi-spordihall","tag-sport","tag-sports","tag-vorkpall"],"share_on_mastodon":{"url":"https:\/\/pubeurope.com\/@ee\/117208933131230272","error":""},"_links":{"self":[{"href":"https:\/\/www.europesays.com\/ee\/wp-json\/wp\/v2\/posts\/267947","targetHints":{"allow":["GET"]}}],"collection":[{"href":"https:\/\/www.europesays.com\/ee\/wp-json\/wp\/v2\/posts"}],"about":[{"href":"https:\/\/www.europesays.com\/ee\/wp-json\/wp\/v2\/types\/post"}],"author":[{"embeddable":true,"href":"https:\/\/www.europesays.com\/ee\/wp-json\/wp\/v2\/users\/2"}],"replies":[{"embeddable":true,"href":"https:\/\/www.europesays.com\/ee\/wp-json\/wp\/v2\/comments?post=267947"}],"version-history":[{"count":0,"href":"https:\/\/www.europesays.com\/ee\/wp-json\/wp\/v2\/posts\/267947\/revisions"}],"wp:featuredmedia":[{"embeddable":true,"href":"https:\/\/www.europesays.com\/ee\/wp-json\/wp\/v2\/media\/267948"}],"wp:attachment":[{"href":"https:\/\/www.europesays.com\/ee\/wp-json\/wp\/v2\/media?parent=267947"}],"wp:term":[{"taxonomy":"category","embeddable":true,"href":"https:\/\/www.europesays.com\/ee\/wp-json\/wp\/v2\/categories?post=267947"},{"taxonomy":"post_tag","embeddable":true,"href":"https:\/\/www.europesays.com\/ee\/wp-json\/wp\/v2\/tags?post=267947"}],"curies":[{"name":"wp","href":"https:\/\/api.w.org\/{rel}","templated":true}]}}