{"id":267951,"date":"2026-09-03T20:15:49","date_gmt":"2026-09-03T20:15:49","guid":{"rendered":"https:\/\/www.europesays.com\/ee\/267951\/"},"modified":"2026-09-03T20:15:49","modified_gmt":"2026-09-03T20:15:49","slug":"videod-pevkur-kahest-hilinevast-miljonitarnijast-rkik-peab-labiraakimisi-loodetavasti-leiavad-lahenduse","status":"publish","type":"post","link":"https:\/\/www.europesays.com\/ee\/267951\/","title":{"rendered":"VIDEOD | Pevkur kahest hilinevast miljonitarnijast: RKIK peab l\u00e4bir\u00e4\u00e4kimisi, loodetavasti leiavad lahenduse"},"content":{"rendered":"<p>Ametist tagasi astuv kaitseminister Hanno Pevkur (Reformierakond) lausus t\u00e4na valitsuse pressikonverentsil, et lisaks indialaste firmale on kaks ettev\u00f5tet veel, kel on tarnetega probleeme. Ta k\u00fcll ei soovinud ettev\u00f5tteid avaldada, aga kokku pidid nad tarnima 10 miljoni euro eest. <\/p>\n<p>\u201eKui selle tarne k\u00e4igus selgub, et nad on midagi valetanud v\u00f5i teadlikult petnud, siis selleks on \u00f5iguskaitsevahendid,\u201c lausus ta pressikonverentsil. Pevkur selgitas, et tema teada on ettev\u00f5tted tarnetega hilinenud. \u201eSee, et tarned hilinevad, on praegusel ajal kahjuks kaitsevaldkonnas pigem tavaline kui erandlik.\u201c <\/p>\n<p><a href=\"https:\/\/www.delfi.ee\/artikkel\/120608167\/videod-pevkur-kahest-hilinevast-miljonitarnijast-rkik-peab-labiraakimisi-loodetavasti-leiavad-lahenduse\/kommentaarid\" class=\"button button--primary button--size-auto article-body-bottom__comment article-body-bottom__comment--write\" style=\"\" rel=\"nofollow noopener\" target=\"_blank\">Kommenteeri<\/a><a href=\"https:\/\/www.delfi.ee\/artikkel\/120608167\/videod-pevkur-kahest-hilinevast-miljonitarnijast-rkik-peab-labiraakimisi-loodetavasti-leiavad-lahenduse\/kommentaarid\" class=\"button button--size-auto article-body-bottom__comment article-body-bottom__comment--read\" style=\"\" rel=\"nofollow noopener\" target=\"_blank\">Loe kommentaare (85)<\/a><\/p>\n","protected":false},"excerpt":{"rendered":"Ametist tagasi astuv kaitseminister Hanno Pevkur (Reformierakond) lausus t\u00e4na valitsuse pressikonverentsil, et lisaks indialaste firmale on kaks ettev\u00f5tet&hellip;\n","protected":false},"author":2,"featured_media":267952,"comment_status":"","ping_status":"","sticky":false,"template":"","format":"standard","meta":{"footnotes":"","_share_on_mastodon":"0"},"categories":[12],"tags":[687,679,667,26,27,673,688,663,662,37,33,35,684,683,692,34,36,31,32,208,148,21,206,668,669,381,686,677,694,691,339,680,28,29,671,672,377,690,144,678,665,19,693,676,666,25,322,664,150,695,685,159,394,682,674,675,23,24,689,222,22,20,670,681,149,30],"class_list":["post-267951","post","type-post","status-publish","format-standard","has-post-thumbnail","category-eesti","tag-ajaviide","tag-autoleht","tag-blog","tag-breaking-news","tag-breakingnews","tag-cv","tag-date","tag-defli","tag-delfi","tag-ee","tag-eesti","tag-eesti-keel","tag-ekaart","tag-email","tag-erootika","tag-estonia","tag-estonian","tag-featured-news","tag-featurednews","tag-film","tag-foto","tag-headlines","tag-horoskoop","tag-ilm","tag-ilmaennustus","tag-internet","tag-kaart","tag-kava","tag-kindlustus","tag-kinnisvara","tag-kuulutused","tag-lasteleht","tag-latest-news","tag-latestnews","tag-loto","tag-majandus","tag-mangud","tag-mobiil","tag-muusika","tag-naisteleht","tag-naljad","tag-news","tag-otsing","tag-pank","tag-pilt","tag-populaarseimad-lood","tag-raadio","tag-reklaam","tag-seks","tag-sms","tag-solo","tag-sport","tag-tarkvara","tag-tasuta","tag-too","tag-toopakkumised","tag-top-stories","tag-topstories","tag-tutvus","tag-tv","tag-uldised-uudised","tag-uudised","tag-valimised","tag-valuuta","tag-video","tag-viimased-uudised"],"share_on_mastodon":{"url":"","error":"Validation failed: Text character limit of 500 exceeded"},"_links":{"self":[{"href":"https:\/\/www.europesays.com\/ee\/wp-json\/wp\/v2\/posts\/267951","targetHints":{"allow":["GET"]}}],"collection":[{"href":"https:\/\/www.europesays.com\/ee\/wp-json\/wp\/v2\/posts"}],"about":[{"href":"https:\/\/www.europesays.com\/ee\/wp-json\/wp\/v2\/types\/post"}],"author":[{"embeddable":true,"href":"https:\/\/www.europesays.com\/ee\/wp-json\/wp\/v2\/users\/2"}],"replies":[{"embeddable":true,"href":"https:\/\/www.europesays.com\/ee\/wp-json\/wp\/v2\/comments?post=267951"}],"version-history":[{"count":0,"href":"https:\/\/www.europesays.com\/ee\/wp-json\/wp\/v2\/posts\/267951\/revisions"}],"wp:featuredmedia":[{"embeddable":true,"href":"https:\/\/www.europesays.com\/ee\/wp-json\/wp\/v2\/media\/267952"}],"wp:attachment":[{"href":"https:\/\/www.europesays.com\/ee\/wp-json\/wp\/v2\/media?parent=267951"}],"wp:term":[{"taxonomy":"category","embeddable":true,"href":"https:\/\/www.europesays.com\/ee\/wp-json\/wp\/v2\/categories?post=267951"},{"taxonomy":"post_tag","embeddable":true,"href":"https:\/\/www.europesays.com\/ee\/wp-json\/wp\/v2\/tags?post=267951"}],"curies":[{"name":"wp","href":"https:\/\/api.w.org\/{rel}","templated":true}]}}