{"id":267953,"date":"2026-09-03T20:16:46","date_gmt":"2026-09-03T20:16:46","guid":{"rendered":"https:\/\/www.europesays.com\/ee\/267953\/"},"modified":"2026-09-03T20:16:46","modified_gmt":"2026-09-03T20:16:46","slug":"video-ja-blogi-pevkur-kaks-probleemset-tarnijat-on-veel-summad-ulatuvad-miljonitesse","status":"publish","type":"post","link":"https:\/\/www.europesays.com\/ee\/267953\/","title":{"rendered":"VIDEO ja BLOGI | Pevkur: kaks probleemset tarnijat on veel, summad ulatuvad miljonitesse"},"content":{"rendered":"<p>Kaitseminister Hanno Pevkur (Reformierakond) teatas eile, et astub ametist tagasi.<\/p>\n<p>T\u00e4na hommikul kogunes valitsuskabinet, kus arutati, miks on kaitseministeeriumi rahaasjades segadused. Ministrid kiitsid Pevkuri otsust tagasi astuda. Kes v\u00f5iks olla tulevane kaitseminister, ei tahtnud \u00fckski asjaosaline avalikkuse ees spekuleerida. Ajakirjanduses on pakutud n\u00e4iteks Kristo Enn Vaga, kes on praegu Reformierakonna peasekret\u00e4r. Michal l\u00fckkas pressikonverentsil selle spekulatsiooni tagasi.<\/p>\n<p>\u201eTa j\u00e4tkab kindlasti Reformierakonna peasekret\u00e4rina. Kaitseministri ja peasekret\u00e4ri roll pole \u00fchildatav. Spekuleerige, palju jaksate. Aga j\u00e4rgmisel n\u00e4dalal hakkab erakond arutama omavahel, kes v\u00f5iks olla v\u00e4\u00e4rikas naine v\u00f5i mees, kellest saab kaitseminister. Ametivande annab uus minister \u00fclej\u00e4rgmisel n\u00e4dalal,\u201c r\u00e4\u00e4kis Michal.<\/p>\n<p>Juttu tuli ka lepingutest kaitsevaldkonnas. Pevkur \u00fctles, et kaks probleemset tarnijat on veel, kuid nimesid ta ei soovinud avaldada, \u00f6eldes, et RKIK andis hommikul lootust, et \u00e4kki saavad asjad korda.<\/p>\n<p>\u201eVeidi alla 60 miljoni puudutab seda \u00fchte ettev\u00f5tet, millest on juttu olnud, kellega tehti mitu lepingut. Suurusj\u00e4rgus 10 miljonit puudutab kahte teist ettev\u00f5tet. Aga ma j\u00e4tan need nimed praegu \u00fctlemata, RKIK \u00fctles, et \u00e4kki ikkagi \u00f5nnestub \u00e4ra lahendada. Ettemaks on relva\u00e4ris t\u00e4iesti normaalne asi, seda \u00fctlen ka veel juurde,\u201c m\u00e4rkis Pevkur.<\/p>\n<p>Pressikonverentsil k\u00fcsiti teiste juhtide vastutuse kohta. Kas RKIK-i juht ja kaitseministeeriumi kantsler peaksid samuti tagasi astuma?<\/p>\n<p>\u201eKui te arvate, et kui teeme platsi puhtaks, siis tuleb \u00f5nn lauale, siis ma sellega ei taha n\u00f5us olla. Elmar Vaher on seni v\u00e4ga head t\u00f6\u00f6d teinud. Mis puudutab kantslerit, siis see on tema teha. Oluline on ka see, kuidas tegevuskava k\u00e4ima l\u00e4heb ja realiseerub. Ta andis ajakirjanikele hommikul selge vastuse, et ta l\u00e4heb t\u00f6\u00f6le ja teeb asjad korda. Siin pressiruumis ei \u00f6elda kindlasti seda, et kes lahti lastakse,\u201c vastas Pevkur.<\/p>\n<p>Michal oli Pevkuriga n\u00f5us. \u201eElmar Vaher on RKIK-is uus juht, ta on ausalt ja kriitiliselt asju v\u00e4lja \u00f6elnud, mis mulle meeldib. Vaheri \u00fclesanne uue juhina on kindlasti luua s\u00fcsteem nii, et on aru saada, mis seal toimub. Kantsleri puhul on nii, et ta on \u00f6elnud, et ta v\u00f5tab vastutuse. Vastutus seisneb selles, et toob valitsusse konkreetsed ettepanekud,\u201c vastas peaminister.<\/p>\n","protected":false},"excerpt":{"rendered":"Kaitseminister Hanno Pevkur (Reformierakond) teatas eile, et astub ametist tagasi. T\u00e4na hommikul kogunes valitsuskabinet, kus arutati, miks on&hellip;\n","protected":false},"author":2,"featured_media":267954,"comment_status":"","ping_status":"","sticky":false,"template":"","format":"standard","meta":{"footnotes":"","_share_on_mastodon":"0"},"categories":[5],"tags":[687,679,667,26,27,673,688,663,662,37,33,35,684,683,692,34,36,31,32,208,148,21,206,668,669,381,686,677,694,691,339,680,28,29,671,672,377,690,144,678,665,19,693,676,666,25,322,664,150,695,685,159,394,682,674,675,23,24,689,222,22,20,670,681,149,30],"class_list":["post-267953","post","type-post","status-publish","format-standard","has-post-thumbnail","category-uldised-uudised","tag-ajaviide","tag-autoleht","tag-blog","tag-breaking-news","tag-breakingnews","tag-cv","tag-date","tag-defli","tag-delfi","tag-ee","tag-eesti","tag-eesti-keel","tag-ekaart","tag-email","tag-erootika","tag-estonia","tag-estonian","tag-featured-news","tag-featurednews","tag-film","tag-foto","tag-headlines","tag-horoskoop","tag-ilm","tag-ilmaennustus","tag-internet","tag-kaart","tag-kava","tag-kindlustus","tag-kinnisvara","tag-kuulutused","tag-lasteleht","tag-latest-news","tag-latestnews","tag-loto","tag-majandus","tag-mangud","tag-mobiil","tag-muusika","tag-naisteleht","tag-naljad","tag-news","tag-otsing","tag-pank","tag-pilt","tag-populaarseimad-lood","tag-raadio","tag-reklaam","tag-seks","tag-sms","tag-solo","tag-sport","tag-tarkvara","tag-tasuta","tag-too","tag-toopakkumised","tag-top-stories","tag-topstories","tag-tutvus","tag-tv","tag-uldised-uudised","tag-uudised","tag-valimised","tag-valuuta","tag-video","tag-viimased-uudised"],"share_on_mastodon":{"url":"","error":"Validation failed: Text character limit of 500 exceeded"},"_links":{"self":[{"href":"https:\/\/www.europesays.com\/ee\/wp-json\/wp\/v2\/posts\/267953","targetHints":{"allow":["GET"]}}],"collection":[{"href":"https:\/\/www.europesays.com\/ee\/wp-json\/wp\/v2\/posts"}],"about":[{"href":"https:\/\/www.europesays.com\/ee\/wp-json\/wp\/v2\/types\/post"}],"author":[{"embeddable":true,"href":"https:\/\/www.europesays.com\/ee\/wp-json\/wp\/v2\/users\/2"}],"replies":[{"embeddable":true,"href":"https:\/\/www.europesays.com\/ee\/wp-json\/wp\/v2\/comments?post=267953"}],"version-history":[{"count":0,"href":"https:\/\/www.europesays.com\/ee\/wp-json\/wp\/v2\/posts\/267953\/revisions"}],"wp:featuredmedia":[{"embeddable":true,"href":"https:\/\/www.europesays.com\/ee\/wp-json\/wp\/v2\/media\/267954"}],"wp:attachment":[{"href":"https:\/\/www.europesays.com\/ee\/wp-json\/wp\/v2\/media?parent=267953"}],"wp:term":[{"taxonomy":"category","embeddable":true,"href":"https:\/\/www.europesays.com\/ee\/wp-json\/wp\/v2\/categories?post=267953"},{"taxonomy":"post_tag","embeddable":true,"href":"https:\/\/www.europesays.com\/ee\/wp-json\/wp\/v2\/tags?post=267953"}],"curies":[{"name":"wp","href":"https:\/\/api.w.org\/{rel}","templated":true}]}}