{"id":267965,"date":"2026-09-03T20:35:08","date_gmt":"2026-09-03T20:35:08","guid":{"rendered":"https:\/\/www.europesays.com\/ee\/267965\/"},"modified":"2026-09-03T20:35:08","modified_gmt":"2026-09-03T20:35:08","slug":"loosimisel-selgusid-eesti-vorkpalli-karikavoistluste-paarid","status":"publish","type":"post","link":"https:\/\/www.europesays.com\/ee\/267965\/","title":{"rendered":"Loosimisel selgusid Eesti v\u00f5rkpalli karikav\u00f5istluste paarid"},"content":{"rendered":"<p>Meeste kaheksandikfinaalid<\/p>\n<p>Advokaadib\u00fcroo Premium\/Rae vald \u2013 Structura\/Tartu vald<\/p>\n<p>EstNor\/Kiili \u2013 Eesti Maa\u00fclikool\/Embach<\/p>\n<p>BMF\/Rakvere VK \u2013 Tallinna \u00dclikool<\/p>\n<p>Barrus V\u00f5ru V\u00f5rkpalliklubi \u2013 Selver\/TalTech<\/p>\n<p>Bigbank Tartu \u2013 Advokaadib\u00fcroo Premium\/Rae vald v\u00f5i Structura\/Tartu vald<\/p>\n<p>Audentes\/Solarstone \u2013 EstNor\/Kiili v\u00f5i Eesti Maa\u00fclikool\/Embach<\/p>\n<p>P\u00e4rnu V\u00f5rkpalliklubi \u2013 BMF\/Rakvere VK v\u00f5i Tallinna \u00dclikool<\/p>\n<p>Naiste kaheksandikfinaalid<\/p>\n<p>Viimsi\/Tallinna \u00dclikool \u2013 TalTech\/Nordaid<\/p>\n<p>Gerardo\u2019s Toys\/Neemeco \u2013 T\u00dc\/Bigbank<\/p>\n<p>Barrus\/V\u00f5ru V\u00f5rkpalliklubi \u2013 Rae Spordikool\/Viaston<\/p>\n<p>Viljandi Metall \u2013 Audentese SG<\/p>\n<p>T\u00e4navu osaleb karikav\u00f5istlustel 11 meeskonda ja 8 naiskonda, v\u00f5itjad selguvad 16. detsembril Tallinnas Unibet Arenal finaalip\u00e4eval. Tiitlikaitsjad on meestest P\u00e4rnu V\u00f5rkpalliklubi ja naistest Rae SK\/Viaston.<\/p>\n<p>Lisaks selgitatakse ka sel aastal v\u00e4lja nn v\u00e4ikese karika v\u00f5itja ja veerandfinaali kaotanud v\u00f5istkonnad j\u00e4tkavad m\u00e4ngimist v\u00e4ikese karika arvestuses, v\u00e4lja arvatud meistriliiga klubid. M\u00f6\u00f6dunud aastal v\u00f5itis v\u00e4ikese karika Tallinna \u00dclikooli meeskond.<\/p>\n<p>Muudatusena m\u00e4ngitakse meeste veerandfinaalides vaid \u00fcks kohtumine madalama asetusega meeskonna kodus. Eelringid ja poolfinaalid peetakse \u201ckodus-v\u00f5\u00f5rsil\u201d s\u00fcsteemis. \u201eKodus-v\u00f5\u00f5rsil\u201d v\u00e4ljalangemism\u00e4ngude korral on v\u00f5itjaks see v\u00f5istkond, kes v\u00f5idab m\u00f5lemad m\u00e4ngud.<\/p>\n<p>Kui m\u00f5lemad v\u00f5istkonnad v\u00f5idavad \u00fche m\u00e4ngu, siis m\u00e4ngitakse kuldne geim. Kuldne geim m\u00e4ngitakse \u00fche 15-punktilise tie-break geimina, mille puhul on saavutatud v\u00e4hemalt kahepunktiline eduseis. Naiste eelringide, veerandfinaalide ja poolfinaalide m\u00e4ngud toimuvad kohales\u00f5itudega: \u00fcks m\u00e4ng kodus, teine v\u00f5\u00f5rsil.<\/p>\n","protected":false},"excerpt":{"rendered":"Meeste kaheksandikfinaalid Advokaadib\u00fcroo Premium\/Rae vald \u2013 Structura\/Tartu vald EstNor\/Kiili \u2013 Eesti Maa\u00fclikool\/Embach BMF\/Rakvere VK \u2013 Tallinna \u00dclikool Barrus&hellip;\n","protected":false},"author":2,"featured_media":267966,"comment_status":"","ping_status":"","sticky":false,"template":"","format":"standard","meta":{"footnotes":"","_share_on_mastodon":"0"},"categories":[18],"tags":[1526,37,33,35,34,36,1517,172,1520,1513,1514,1518,1524,1515,1529,1530,1523,1519,1522,1525,1528,1527,159,158,1535,1534,1521,1532,1533,1230,1531,1516,1192],"class_list":["post-267965","post","type-post","status-publish","format-standard","has-post-thumbnail","category-sport","tag-autoralli","tag-ee","tag-eesti","tag-eesti-keel","tag-estonia","tag-estonian","tag-finaal","tag-jalgpall","tag-koondis","tag-korvpall","tag-liiga","tag-mang","tag-martin-jarveoja","tag-medal","tag-olumpia","tag-olumpiamangud","tag-ott-tanak","tag-poks","tag-postimees-sport","tag-postimees-wrc","tag-spordi-uudised","tag-spordiuudised","tag-sport","tag-sports","tag-suveolumpia","tag-suveolumpiamangud","tag-tiitel","tag-tokio","tag-tokio2020","tag-tokyo","tag-tokyo2020","tag-voistlus","tag-wrc"],"share_on_mastodon":{"url":"https:\/\/pubeurope.com\/@ee\/117209027235747946","error":""},"_links":{"self":[{"href":"https:\/\/www.europesays.com\/ee\/wp-json\/wp\/v2\/posts\/267965","targetHints":{"allow":["GET"]}}],"collection":[{"href":"https:\/\/www.europesays.com\/ee\/wp-json\/wp\/v2\/posts"}],"about":[{"href":"https:\/\/www.europesays.com\/ee\/wp-json\/wp\/v2\/types\/post"}],"author":[{"embeddable":true,"href":"https:\/\/www.europesays.com\/ee\/wp-json\/wp\/v2\/users\/2"}],"replies":[{"embeddable":true,"href":"https:\/\/www.europesays.com\/ee\/wp-json\/wp\/v2\/comments?post=267965"}],"version-history":[{"count":0,"href":"https:\/\/www.europesays.com\/ee\/wp-json\/wp\/v2\/posts\/267965\/revisions"}],"wp:featuredmedia":[{"embeddable":true,"href":"https:\/\/www.europesays.com\/ee\/wp-json\/wp\/v2\/media\/267966"}],"wp:attachment":[{"href":"https:\/\/www.europesays.com\/ee\/wp-json\/wp\/v2\/media?parent=267965"}],"wp:term":[{"taxonomy":"category","embeddable":true,"href":"https:\/\/www.europesays.com\/ee\/wp-json\/wp\/v2\/categories?post=267965"},{"taxonomy":"post_tag","embeddable":true,"href":"https:\/\/www.europesays.com\/ee\/wp-json\/wp\/v2\/tags?post=267965"}],"curies":[{"name":"wp","href":"https:\/\/api.w.org\/{rel}","templated":true}]}}