{"id":267967,"date":"2026-09-03T20:37:09","date_gmt":"2026-09-03T20:37:09","guid":{"rendered":"https:\/\/www.europesays.com\/ee\/267967\/"},"modified":"2026-09-03T20:37:09","modified_gmt":"2026-09-03T20:37:09","slug":"zelenskoi-usa-erisaadikud-witkoff-ja-kushner-kulastavad-lahipaevil-kiievit","status":"publish","type":"post","link":"https:\/\/www.europesays.com\/ee\/267967\/","title":{"rendered":"Zelensk\u00f5i: USA erisaadikud Witkoff ja Kushner k\u00fclastavad l\u00e4hip\u00e4evil Kiievit"},"content":{"rendered":"<p>\u201eEsialgsed kuup\u00e4evad on paika pandud. Ootame USA presidendi esindajaid siia Kiievisse,\u201c \u00fctles Zelensk\u00f5i, kelle s\u00f5nul valmistuvad Ukraina ametnikud eelolevateks l\u00e4bir\u00e4\u00e4kimisteks.<\/p>\n<p>Ta m\u00e4rkis, et saadikutel on kavas k\u00fclastada ka <a rel=\"noopener nofollow\" target=\"_blank\" href=\"https:\/\/www.delfi.ee\/teema\/3\/venemaa\" tag-id=\"3\">Venemaad<\/a>. \u201eNad kinnitasid, et neil toimub \u00fcks kohtumine Moskvas ja teine Kiievis. Ootame, et viimane leiab aset l\u00e4hip\u00e4evil,\u201c s\u00f5nas ta.<\/p>\n<p>Zelensk\u00f5i r\u00f5hutas kavandatud kohtumiste olulisust Ukrainale. \u201eOn t\u00e4htis, et Ameerika j\u00e4\u00e4ks aktiivselt kaasatuks. Oleme valmis nendega Ukrainas kohtuma \u2013 n\u00f5uetekohaselt ja sisukalt,\u201c \u00fctles ta.<\/p>\n<p>Washington pole Witkoffi ja Kushneri v\u00f5imalikku visiiti kommenteerinud. Teadaolevalt pidid nad reisima Ukrainasse kuu alguses, kuid v\u00e4idetavalt l\u00fckati see edasi seoses Trumpi sooviga hoida diplomaate Iraani s\u00f5ja t\u00f5ttu oma k\u00e4eulatuses, vahendab Kyiv Independent.<\/p>\n<p>Zelensk\u00f5i teadaanne j\u00e4rgneb USA rahandusministri Scott Bessenti ja tema Venemaa kolleegi Anton Siluanovi vahelisele kohtumisele. Kohtumisel arutati Ukraina s\u00f5ja <a rel=\"noopener nofollow\" target=\"_blank\" href=\"https:\/\/www.delfi.ee\/teema\/96881511\/rahuplaan\" tag-id=\"96881511\">rahuplaani<\/a>, mis avalikustati esmakordselt m\u00f6\u00f6dunud aasta novembris.<\/p>\n<p>Venemaa valitseja Vladimir Putini erisaadiku Kirill Dmitrijevi ja Witkoffi loodud 28-punktilises rahuplaanis esitati Ukrainale suuri n\u00f5udmisi, mist\u00f5ttu peeti seda laialdaselt n\u00f5udeks alistuda. Ukraina ja L\u00e4\u00e4ne ametnike l\u00e4bir\u00e4\u00e4kimiste k\u00e4igus l\u00fchendati rahuplaan 20-punktini, kuid Moskva l\u00fckkas muudatused tagasi ja l\u00e4bir\u00e4\u00e4kimised takerdusid.<\/p>\n<p>Kuidas see lugu Sind end tundma pani?Saada<a href=\"https:\/\/www.delfi.ee\/artikkel\/120608275\/zelenskoi-usa-erisaadikud-witkoff-ja-kushner-kulastavad-lahipaevil-kiievit\/kommentaarid\" class=\"button button--primary button--size-auto article-body-bottom__comment article-body-bottom__comment--write\" style=\"\" rel=\"nofollow noopener\" target=\"_blank\">Kommenteeri<\/a><a href=\"https:\/\/www.delfi.ee\/artikkel\/120608275\/zelenskoi-usa-erisaadikud-witkoff-ja-kushner-kulastavad-lahipaevil-kiievit\/kommentaarid\" class=\"button button--size-auto article-body-bottom__comment article-body-bottom__comment--read\" style=\"\" rel=\"nofollow noopener\" target=\"_blank\">Loe kommentaare <\/a><\/p>\n","protected":false},"excerpt":{"rendered":"\u201eEsialgsed kuup\u00e4evad on paika pandud. Ootame USA presidendi esindajaid siia Kiievisse,\u201c \u00fctles Zelensk\u00f5i, kelle s\u00f5nul valmistuvad Ukraina ametnikud&hellip;\n","protected":false},"author":2,"featured_media":267968,"comment_status":"","ping_status":"","sticky":false,"template":"","format":"standard","meta":{"footnotes":"","_share_on_mastodon":"0"},"categories":[80],"tags":[26,27,37,33,35,34,36,31,32,21,8831,28,29,95,19,25,5934,107,8832,23,24,262,22,20,96,30,263,92,93,94],"class_list":["post-267967","post","type-post","status-publish","format-standard","has-post-thumbnail","category-maailm","tag-breaking-news","tag-breakingnews","tag-ee","tag-eesti","tag-eesti-keel","tag-estonia","tag-estonian","tag-featured-news","tag-featurednews","tag-headlines","tag-jared-kushner","tag-latest-news","tag-latestnews","tag-maailm","tag-news","tag-populaarseimad-lood","tag-rahuplaan","tag-soda-ukrainas","tag-steve-witkoff","tag-top-stories","tag-topstories","tag-ukraina","tag-uldised-uudised","tag-uudised","tag-venemaa","tag-viimased-uudised","tag-volodomor-zelenskoi","tag-world","tag-world-news","tag-worldnews"],"share_on_mastodon":{"url":"https:\/\/pubeurope.com\/@ee\/117209035396235011","error":""},"_links":{"self":[{"href":"https:\/\/www.europesays.com\/ee\/wp-json\/wp\/v2\/posts\/267967","targetHints":{"allow":["GET"]}}],"collection":[{"href":"https:\/\/www.europesays.com\/ee\/wp-json\/wp\/v2\/posts"}],"about":[{"href":"https:\/\/www.europesays.com\/ee\/wp-json\/wp\/v2\/types\/post"}],"author":[{"embeddable":true,"href":"https:\/\/www.europesays.com\/ee\/wp-json\/wp\/v2\/users\/2"}],"replies":[{"embeddable":true,"href":"https:\/\/www.europesays.com\/ee\/wp-json\/wp\/v2\/comments?post=267967"}],"version-history":[{"count":0,"href":"https:\/\/www.europesays.com\/ee\/wp-json\/wp\/v2\/posts\/267967\/revisions"}],"wp:featuredmedia":[{"embeddable":true,"href":"https:\/\/www.europesays.com\/ee\/wp-json\/wp\/v2\/media\/267968"}],"wp:attachment":[{"href":"https:\/\/www.europesays.com\/ee\/wp-json\/wp\/v2\/media?parent=267967"}],"wp:term":[{"taxonomy":"category","embeddable":true,"href":"https:\/\/www.europesays.com\/ee\/wp-json\/wp\/v2\/categories?post=267967"},{"taxonomy":"post_tag","embeddable":true,"href":"https:\/\/www.europesays.com\/ee\/wp-json\/wp\/v2\/tags?post=267967"}],"curies":[{"name":"wp","href":"https:\/\/api.w.org\/{rel}","templated":true}]}}