{"id":267985,"date":"2026-09-03T21:22:09","date_gmt":"2026-09-03T21:22:09","guid":{"rendered":"https:\/\/www.europesays.com\/ee\/267985\/"},"modified":"2026-09-03T21:22:09","modified_gmt":"2026-09-03T21:22:09","slug":"tim-cook-ei-olnud-uus-steve-jobs-just-selles-peitus-tema-edu","status":"publish","type":"post","link":"https:\/\/www.europesays.com\/ee\/267985\/","title":{"rendered":"Tim Cook ei olnud uus Steve Jobs. Just selles peitus tema edu"},"content":{"rendered":"<p>Kui Tim Cook 2011. aastal Apple\u2019i juhtimise \u00fcle v\u00f5ttis, tundus valik ajakirja Digi kaasautori Andres Kostivi hinnangul esialgu isegi veidi ebaloomulik. \u201eJobs oli olnud Apple\u2019i karismaatiline n\u00e4gu, h\u00e4\u00e4l ja guru. Cook oli seevastu mees, kes tegutses lava taga \u2013 \u00e4rioperatsioonide, tootmise, logistika ja tarneahela korraldajana,\u201c meenutas Kostiv. <\/p>\n<p>See erinevus ei olnud aga tema hinnangul sugugi halb asi ning m\u00e4\u00e4ras Cooki ajastu iseloomu. \u201ePaljud f\u00e4nnid ootasid, et Cook proovib hakata Steve Jobsiks. Seda aga ei juhtunud. Cooki esitlused ei muutunud kunagi Jobsi etendusteks, kuna Cookil lihtsalt ei olnud lavakarismat: ta v\u00f5ttis toote\u00fcritustel enamasti sissejuhataja v\u00f5i kokkuv\u00f5tja rolli ning j\u00e4ttis konkreetsete toodete tutvustamise inseneridele, disaineritele ja teenuste juhtidele. Apple muutus seel\u00e4bi v\u00e4hem \u00fche inimese keskseks br\u00e4ndiks.\u201c Nii oli ka tehnika arengu m\u00f5ttes Cooki Apple Kostivi hinnangul pigem evolutsiooniline kui revolutsiooniline.<\/p>\n<p><a href=\"https:\/\/arileht.delfi.ee\/artikkel\/120607464\/tim-cook-ei-olnud-uus-steve-jobs-just-selles-peitus-tema-edu\/kommentaarid\" class=\"button button--primary button--size-auto article-body-bottom__comment article-body-bottom__comment--write\" style=\"\" rel=\"nofollow noopener\" target=\"_blank\">Kommenteeri<\/a><a href=\"https:\/\/arileht.delfi.ee\/artikkel\/120607464\/tim-cook-ei-olnud-uus-steve-jobs-just-selles-peitus-tema-edu\/kommentaarid\" class=\"button button--size-auto article-body-bottom__comment article-body-bottom__comment--read\" style=\"\" rel=\"nofollow noopener\" target=\"_blank\">Loe kommentaare <\/a><\/p>\n","protected":false},"excerpt":{"rendered":"Kui Tim Cook 2011. aastal Apple\u2019i juhtimise \u00fcle v\u00f5ttis, tundus valik ajakirja Digi kaasautori Andres Kostivi hinnangul esialgu&hellip;\n","protected":false},"author":2,"featured_media":267986,"comment_status":"","ping_status":"","sticky":false,"template":"","format":"standard","meta":{"footnotes":"","_share_on_mastodon":"0"},"categories":[14],"tags":[3312,82022,131,130,37,33,35,34,36,3317,373,26243],"class_list":["post-267985","post","type-post","status-publish","format-standard","has-post-thumbnail","category-ari","tag-apple","tag-apple-watch","tag-ari","tag-business","tag-ee","tag-eesti","tag-eesti-keel","tag-estonia","tag-estonian","tag-steve-jobs","tag-tehisintellekt","tag-tim-cook"],"share_on_mastodon":{"url":"https:\/\/pubeurope.com\/@ee\/117209212295278586","error":""},"_links":{"self":[{"href":"https:\/\/www.europesays.com\/ee\/wp-json\/wp\/v2\/posts\/267985","targetHints":{"allow":["GET"]}}],"collection":[{"href":"https:\/\/www.europesays.com\/ee\/wp-json\/wp\/v2\/posts"}],"about":[{"href":"https:\/\/www.europesays.com\/ee\/wp-json\/wp\/v2\/types\/post"}],"author":[{"embeddable":true,"href":"https:\/\/www.europesays.com\/ee\/wp-json\/wp\/v2\/users\/2"}],"replies":[{"embeddable":true,"href":"https:\/\/www.europesays.com\/ee\/wp-json\/wp\/v2\/comments?post=267985"}],"version-history":[{"count":0,"href":"https:\/\/www.europesays.com\/ee\/wp-json\/wp\/v2\/posts\/267985\/revisions"}],"wp:featuredmedia":[{"embeddable":true,"href":"https:\/\/www.europesays.com\/ee\/wp-json\/wp\/v2\/media\/267986"}],"wp:attachment":[{"href":"https:\/\/www.europesays.com\/ee\/wp-json\/wp\/v2\/media?parent=267985"}],"wp:term":[{"taxonomy":"category","embeddable":true,"href":"https:\/\/www.europesays.com\/ee\/wp-json\/wp\/v2\/categories?post=267985"},{"taxonomy":"post_tag","embeddable":true,"href":"https:\/\/www.europesays.com\/ee\/wp-json\/wp\/v2\/tags?post=267985"}],"curies":[{"name":"wp","href":"https:\/\/api.w.org\/{rel}","templated":true}]}}