{"id":267987,"date":"2026-09-03T21:25:30","date_gmt":"2026-09-03T21:25:30","guid":{"rendered":"https:\/\/www.europesays.com\/ee\/267987\/"},"modified":"2026-09-03T21:25:30","modified_gmt":"2026-09-03T21:25:30","slug":"kas-tanak-naaseb-ehk-kuus-suurt-kusimust-enne-wrc-uut-ajastut","status":"publish","type":"post","link":"https:\/\/www.europesays.com\/ee\/267987\/","title":{"rendered":"Kas T\u00e4nak naaseb ehk Kuus suurt k\u00fcsimust enne WRC uut ajastut"},"content":{"rendered":"<p>Autoralli MM-sarja ootab 2027. aasta hooaja eel p\u00f5hjalik reform. Aga see, et tuleb suur reform, on praegu ka enam-v\u00e4hem ainuke asi, mis on kindel. Mida ja kuidas t\u00e4pselt muudetakse, kes lahkub, kes naaseb, kes s\u00f5idab? Need vastused puuduvad.<\/p>\n<p>Keskmise Eesti spordis\u00f5bra jaoks on need k\u00fcsimused v\u00e4ga olulised, sest siinsel spordimaastikul pole juba pikki aastaid suuremat publikumagnetit kui autoralli MM-sari. Eestis palavalt armastatud v\u00f5istluse globaalne tervis on hoopis p\u00f5duram. Raviplaan seisneb reformis.<\/p>\n","protected":false},"excerpt":{"rendered":"Autoralli MM-sarja ootab 2027. aasta hooaja eel p\u00f5hjalik reform. Aga see, et tuleb suur reform, on praegu ka&hellip;\n","protected":false},"author":2,"featured_media":267988,"comment_status":"","ping_status":"","sticky":false,"template":"","format":"standard","meta":{"footnotes":"","_share_on_mastodon":"0"},"categories":[5],"tags":[3503,26,27,103748,37,33,35,98354,34,36,31,32,3306,21,2576,14276,28,29,9003,19,1523,103747,25,5352,8661,3016,3015,8659,23,24,9717,22,20,30,5353,103749,12728],"class_list":["post-267987","post","type-post","status-publish","format-standard","has-post-thumbnail","category-uldised-uudised","tag-autoralli-mm-sari","tag-breaking-news","tag-breakingnews","tag-cosmobilis","tag-ee","tag-eesti","tag-eesti-keel","tag-eric-boullier","tag-estonia","tag-estonian","tag-featured-news","tag-featurednews","tag-fia","tag-headlines","tag-hyundai-motorsport","tag-jaspar-vaher","tag-latest-news","tag-latestnews","tag-m-sport","tag-news","tag-ott-tanak","tag-park-square-capital","tag-populaarseimad-lood","tag-rally-estonia","tag-rally2","tag-robert-virves","tag-romet-jurgenson","tag-skoda","tag-top-stories","tag-topstories","tag-toyota-gazoo-racing","tag-uldised-uudised","tag-uudised","tag-viimased-uudised","tag-wrc2","tag-wrc2027","tag-wrc27"],"share_on_mastodon":{"url":"","error":"Validation failed: Text character limit of 500 exceeded"},"_links":{"self":[{"href":"https:\/\/www.europesays.com\/ee\/wp-json\/wp\/v2\/posts\/267987","targetHints":{"allow":["GET"]}}],"collection":[{"href":"https:\/\/www.europesays.com\/ee\/wp-json\/wp\/v2\/posts"}],"about":[{"href":"https:\/\/www.europesays.com\/ee\/wp-json\/wp\/v2\/types\/post"}],"author":[{"embeddable":true,"href":"https:\/\/www.europesays.com\/ee\/wp-json\/wp\/v2\/users\/2"}],"replies":[{"embeddable":true,"href":"https:\/\/www.europesays.com\/ee\/wp-json\/wp\/v2\/comments?post=267987"}],"version-history":[{"count":0,"href":"https:\/\/www.europesays.com\/ee\/wp-json\/wp\/v2\/posts\/267987\/revisions"}],"wp:featuredmedia":[{"embeddable":true,"href":"https:\/\/www.europesays.com\/ee\/wp-json\/wp\/v2\/media\/267988"}],"wp:attachment":[{"href":"https:\/\/www.europesays.com\/ee\/wp-json\/wp\/v2\/media?parent=267987"}],"wp:term":[{"taxonomy":"category","embeddable":true,"href":"https:\/\/www.europesays.com\/ee\/wp-json\/wp\/v2\/categories?post=267987"},{"taxonomy":"post_tag","embeddable":true,"href":"https:\/\/www.europesays.com\/ee\/wp-json\/wp\/v2\/tags?post=267987"}],"curies":[{"name":"wp","href":"https:\/\/api.w.org\/{rel}","templated":true}]}}