{"id":267993,"date":"2026-09-03T21:36:30","date_gmt":"2026-09-03T21:36:30","guid":{"rendered":"https:\/\/www.europesays.com\/ee\/267993\/"},"modified":"2026-09-03T21:36:30","modified_gmt":"2026-09-03T21:36:30","slug":"suvebiatloni-eesti-lahtistel-meistrivoistlustel-stardib-kolm-milano-cortina-olumpiavoitjat","status":"publish","type":"post","link":"https:\/\/www.europesays.com\/ee\/267993\/","title":{"rendered":"Suvebiatloni Eesti lahtistel meistriv\u00f5istlustel stardib kolm Milano-Cortina ol\u00fcmpiav\u00f5itjat"},"content":{"rendered":"<p>Kuna Norra meeslaskesuusatajad laagerdavad Otep\u00e4\u00e4l ja tutvuvad eesootava talve MM-i v\u00f5istluspaigaga, v\u00f5tavad nad osa suvebiatloni Eesti lahtistest meistriv\u00f5istlustest. Nii on laup\u00e4evase sprindi stardinimekiri \u00fcsna esinduslik.<\/p>\n<p>L\u00e4htes on teiste seas Johan-Olav Botn (eelmise MK-hooaja kokkuv\u00f5ttes kolmas), Vetle Sjaastad Christiansen (seitsmes) ja Johannes Dale-Skjevdal (k\u00fcmnes). Neist Botn v\u00f5itis Milano-Cortina ol\u00fcmpial kulla individuaaldistantsil ning Dale-Skjevdal oli parim \u00fchisstardiga s\u00f5idus, Christiansen pidi leppima vaid kahe h\u00f5bedaga.<\/p>\n<p>Lisaks neile on stardis 24-aastane norralane Einar Hedegart, kes aasta alguses toimunud ol\u00fcmpial v\u00f5itis kaks kulda murdmaasuusatajana. Sel talvel \u00fcritab ta murdmaasuusatamise asemel murda laskesuusakoondisesse. Norra suurematest t\u00e4htedest pole ainsana kohal Sturla Holm L\u00e6greid, kes on haige.<\/p>\n<p>Loomulikult on kohal ka k\u00f5ik Eesti paremad mehed, nagu Rene Zahkna, Kristo Siimer, Jakob Kulbin ja nii edasi. Ka naiste konkurentsis pakuvad Regina Ermitsale, Tuuli Tomingale ning Susan K\u00fclmale konkurentsi teiste seas k\u00f5ik L\u00e4ti paremad laskesuusatajad.<\/p>\n<p>Kui laup\u00e4eval s\u00f5idetakse sprindid, siis p\u00fchap\u00e4eval on kavas \u00fchisstart, kuid seal hetkeseisuga norralased kaasa ei l\u00f6\u00f6.<\/p>\n<p>Kuidas see lugu Sind end tundma pani?Saada<a href=\"https:\/\/sport.delfi.ee\/artikkel\/120608110\/suvebiatloni-eesti-lahtistel-meistrivoistlustel-stardib-kolm-milano-cortina-olumpiavoitjat\/kommentaarid\" class=\"button button--primary button--size-auto article-body-bottom__comment article-body-bottom__comment--write\" style=\"\" rel=\"nofollow noopener\" target=\"_blank\">Kommenteeri<\/a><a href=\"https:\/\/sport.delfi.ee\/artikkel\/120608110\/suvebiatloni-eesti-lahtistel-meistrivoistlustel-stardib-kolm-milano-cortina-olumpiavoitjat\/kommentaarid\" class=\"button button--size-auto article-body-bottom__comment article-body-bottom__comment--read\" style=\"\" rel=\"nofollow noopener\" target=\"_blank\">Loe kommentaare <\/a><\/p>\n","protected":false},"excerpt":{"rendered":"Kuna Norra meeslaskesuusatajad laagerdavad Otep\u00e4\u00e4l ja tutvuvad eesootava talve MM-i v\u00f5istluspaigaga, v\u00f5tavad nad osa suvebiatloni Eesti lahtistest meistriv\u00f5istlustest.&hellip;\n","protected":false},"author":2,"featured_media":267994,"comment_status":"","ping_status":"","sticky":false,"template":"","format":"standard","meta":{"footnotes":"","_share_on_mastodon":"0"},"categories":[5],"tags":[26,27,37,33,35,34,36,31,32,21,2998,28,29,19,25,23,24,22,20,30],"class_list":["post-267993","post","type-post","status-publish","format-standard","has-post-thumbnail","category-uldised-uudised","tag-breaking-news","tag-breakingnews","tag-ee","tag-eesti","tag-eesti-keel","tag-estonia","tag-estonian","tag-featured-news","tag-featurednews","tag-headlines","tag-laskesuusatamine","tag-latest-news","tag-latestnews","tag-news","tag-populaarseimad-lood","tag-top-stories","tag-topstories","tag-uldised-uudised","tag-uudised","tag-viimased-uudised"],"share_on_mastodon":{"url":"https:\/\/pubeurope.com\/@ee\/117209267253128812","error":""},"_links":{"self":[{"href":"https:\/\/www.europesays.com\/ee\/wp-json\/wp\/v2\/posts\/267993","targetHints":{"allow":["GET"]}}],"collection":[{"href":"https:\/\/www.europesays.com\/ee\/wp-json\/wp\/v2\/posts"}],"about":[{"href":"https:\/\/www.europesays.com\/ee\/wp-json\/wp\/v2\/types\/post"}],"author":[{"embeddable":true,"href":"https:\/\/www.europesays.com\/ee\/wp-json\/wp\/v2\/users\/2"}],"replies":[{"embeddable":true,"href":"https:\/\/www.europesays.com\/ee\/wp-json\/wp\/v2\/comments?post=267993"}],"version-history":[{"count":0,"href":"https:\/\/www.europesays.com\/ee\/wp-json\/wp\/v2\/posts\/267993\/revisions"}],"wp:featuredmedia":[{"embeddable":true,"href":"https:\/\/www.europesays.com\/ee\/wp-json\/wp\/v2\/media\/267994"}],"wp:attachment":[{"href":"https:\/\/www.europesays.com\/ee\/wp-json\/wp\/v2\/media?parent=267993"}],"wp:term":[{"taxonomy":"category","embeddable":true,"href":"https:\/\/www.europesays.com\/ee\/wp-json\/wp\/v2\/categories?post=267993"},{"taxonomy":"post_tag","embeddable":true,"href":"https:\/\/www.europesays.com\/ee\/wp-json\/wp\/v2\/tags?post=267993"}],"curies":[{"name":"wp","href":"https:\/\/api.w.org\/{rel}","templated":true}]}}