{"id":268009,"date":"2026-09-03T21:57:32","date_gmt":"2026-09-03T21:57:32","guid":{"rendered":"https:\/\/www.europesays.com\/ee\/268009\/"},"modified":"2026-09-03T21:57:32","modified_gmt":"2026-09-03T21:57:32","slug":"karl-erik-kirss-%e2%9f%a9-noore-vagisi-ara-paigutamine-jaab-oppimiskohustuse-pahupooleks","status":"publish","type":"post","link":"https:\/\/www.europesays.com\/ee\/268009\/","title":{"rendered":"KARL ERIK KIRSS \u27e9 Noore v\u00e4gisi \u00e4ra paigutamine j\u00e4\u00e4b \u00f5ppimiskohustuse pahupooleks"},"content":{"rendered":"<p>Kui poeriiulid t\u00e4ituvad koolitarvetega, ootab ligi 1300 p\u00f5hikoolil\u00f5petajat veel teadmatuses, millise kooli ukse nad 1. septembril avavad. Uus \u00f5ppimiskohustuse reform n\u00f5uab, et iga noor j\u00e4tkaks \u00f5pinguid, kuid reaalsus on n\u00e4idanud, et nimi kooli nimekirjas ei t\u00e4henda tingimata turvalist haridusteed.<\/p>\n<p>Mis juhtub siis, kui s\u00fcsteem tagab k\u00fcll koha, kuid mitte sobiva koha? Kuidas m\u00f5jutavad noorte tulevikku tehnilised t\u00f5rked, napp n\u00f5ustamine ja ettevalmistava \u00f5ppe kasutamine justkui ajutise hoiuruumina?<\/p>\n","protected":false},"excerpt":{"rendered":"Kui poeriiulid t\u00e4ituvad koolitarvetega, ootab ligi 1300 p\u00f5hikoolil\u00f5petajat veel teadmatuses, millise kooli ukse nad 1. septembril avavad. Uus&hellip;\n","protected":false},"author":2,"featured_media":268010,"comment_status":"","ping_status":"","sticky":false,"template":"","format":"standard","meta":{"footnotes":"","_share_on_mastodon":"0"},"categories":[12],"tags":[26,27,37,33,35,46624,34,36,31,32,11238,3932,17571,21,8087,28,29,19,103753,4653,101096,4435,25,23,24,22,20,103752,30],"class_list":["post-268009","post","type-post","status-publish","format-standard","has-post-thumbnail","category-eesti","tag-breaking-news","tag-breakingnews","tag-ee","tag-eesti","tag-eesti-keel","tag-eesti-opilasesinduste-liit","tag-estonia","tag-estonian","tag-featured-news","tag-featurednews","tag-gumnaasiumiharidus","tag-haridus-ja-teadusministeerium","tag-hariduspoliitika","tag-headlines","tag-kutseope","tag-latest-news","tag-latestnews","tag-news","tag-opilaste-kaasamine","tag-oppimiskohustus","tag-oppimiskohustuse-reform","tag-pohikool","tag-populaarseimad-lood","tag-top-stories","tag-topstories","tag-uldised-uudised","tag-uudised","tag-vastuvotususteem","tag-viimased-uudised"],"share_on_mastodon":{"url":"","error":"Validation failed: Text character limit of 500 exceeded"},"_links":{"self":[{"href":"https:\/\/www.europesays.com\/ee\/wp-json\/wp\/v2\/posts\/268009","targetHints":{"allow":["GET"]}}],"collection":[{"href":"https:\/\/www.europesays.com\/ee\/wp-json\/wp\/v2\/posts"}],"about":[{"href":"https:\/\/www.europesays.com\/ee\/wp-json\/wp\/v2\/types\/post"}],"author":[{"embeddable":true,"href":"https:\/\/www.europesays.com\/ee\/wp-json\/wp\/v2\/users\/2"}],"replies":[{"embeddable":true,"href":"https:\/\/www.europesays.com\/ee\/wp-json\/wp\/v2\/comments?post=268009"}],"version-history":[{"count":0,"href":"https:\/\/www.europesays.com\/ee\/wp-json\/wp\/v2\/posts\/268009\/revisions"}],"wp:featuredmedia":[{"embeddable":true,"href":"https:\/\/www.europesays.com\/ee\/wp-json\/wp\/v2\/media\/268010"}],"wp:attachment":[{"href":"https:\/\/www.europesays.com\/ee\/wp-json\/wp\/v2\/media?parent=268009"}],"wp:term":[{"taxonomy":"category","embeddable":true,"href":"https:\/\/www.europesays.com\/ee\/wp-json\/wp\/v2\/categories?post=268009"},{"taxonomy":"post_tag","embeddable":true,"href":"https:\/\/www.europesays.com\/ee\/wp-json\/wp\/v2\/tags?post=268009"}],"curies":[{"name":"wp","href":"https:\/\/api.w.org\/{rel}","templated":true}]}}