{"id":268025,"date":"2026-09-03T23:06:12","date_gmt":"2026-09-03T23:06:12","guid":{"rendered":"https:\/\/www.europesays.com\/ee\/268025\/"},"modified":"2026-09-03T23:06:12","modified_gmt":"2026-09-03T23:06:12","slug":"raadiohaal-ja-koomik-sten-erik-allikas-saadeti-viimsele-teekonnale-koik-malestused-mis-steni-nimi-pahe-toob-on-tais-naeru-ja-soprust-ohtuleht","status":"publish","type":"post","link":"https:\/\/www.europesays.com\/ee\/268025\/","title":{"rendered":"Raadioh\u00e4\u00e4l ja koomik Sten Erik Allikas saadeti viimsele teekonnale: \u201eK\u00f5ik m\u00e4lestused, mis Steni nimi p\u00e4he toob, on t\u00e4is naeru ja s\u00f5prust.\u201c &#8211; \u00d5htuleht"},"content":{"rendered":"<ol>\n<li><a href=\"https:\/\/news.google.com\/rss\/articles\/CBMi_wFBVV95cUxNLVdXS1ZYUnFPVFVoSzdyWkRjUGVpSlRxOWwxcDhNa283V1ZPSE9IMnU3Z210ZmlHLWxyOERZU0xBVE04Yi1Ma3JDWllwOHJwczNkS0p3M3hnTUtaa3hrSVBpX18xXzM5ZkVFM25wR0V1a0dkbERLTnJFcXJxSHA5dm1oeWFCLXdJLXZIbW9CTnRNVTVEX0FPcnFUNHh0bC05RVIxZ09ELUczWXhmOGROYTVoSko3Q2xLX2VoV2VpRUZ1cC1NdkctYW55RGtMcEg2RzVmUG5PcFBBQUkyVVdMdWhzdkhSRXdzMm55Vi1SVkFyZHNlRkpKazk3bnhFZFk?oc=5\" target=\"_blank\" rel=\"nofollow noopener\">Raadioh\u00e4\u00e4l ja koomik Sten Erik Allikas saadeti viimsele teekonnale: \u201eK\u00f5ik m\u00e4lestused, mis Steni nimi p\u00e4he toob, on t\u00e4is naeru ja s\u00f5prust.\u201c<\/a>&nbsp;&nbsp;\u00d5htuleht<\/li>\n<li><a href=\"https:\/\/news.google.com\/rss\/articles\/CBMiwAFBVV95cUxQQ2gwaTBleldDNU1pcllCWUNqcks4bFRqSWRwYVRRSl9MZC00R1lwUU8xV05PMzNvYUpmdEN4V0tNVURaOFJXa21EdzlFdnNxaG1iOUNWblVYOTE0MWJxQjJEWWhycy1VWmpib29iTkpoRDJxbUE4RjVKRnhlOG1ISXhWNlZ3TkJiVzBhOFc3Yzg4WlBvQWYxVjl1ZXloVEY3RDlQUzNPSVlwUDNWWjA2UHVUbkVUOWtiSnY0ZXdjUm0?oc=5\" target=\"_blank\" rel=\"nofollow noopener\">NAISELIKKU ENERGIAT! Raadioh\u00e4\u00e4l Andi Raig paljastas, kellest saab tema uus kaassaatejuht<\/a>&nbsp;&nbsp;\u00d5htuleht<\/li>\n<li><a href=\"https:\/\/news.google.com\/rss\/articles\/CBMizwFBVV95cUxOTUhHUXJSc3pfNHhSUmZ5a1FVd3hlTzdwZ3ZlcmFneW5Jc0pjcXFCYWYxdUxUVHJaTnJwS1YtQjFHTGNOSG1BQUhLTE16YkRoMWZGT0c3LWxmMk9fMlRVLVBfZnlLUDJ1RDRtRHpoT3AyQm5BemIwRlRsNWkzcmRiNU1Tb3pFMFhKWVRUaWFZdnBTeTBmX0J4bVZUUTdhcnN5RFdhUUZlWHpnaG82cEZ1Y1lmRzM3UElRdnZLbFJpd2w3MzlRVnp5RUd1X01LTDg?oc=5\" target=\"_blank\" rel=\"nofollow noopener\">GALERII | J\u00c4\u00c4 H\u00dcVASTI! Pere ja s\u00f5brad saatsid viimsele teele koomiku ja raadioh\u00e4\u00e4le Sten Erik Allikase<\/a>&nbsp;&nbsp;\u00d5htuleht<\/li>\n<\/ol>\n","protected":false},"excerpt":{"rendered":"Raadioh\u00e4\u00e4l ja koomik Sten Erik Allikas saadeti viimsele teekonnale: \u201eK\u00f5ik m\u00e4lestused, mis Steni nimi p\u00e4he toob, on t\u00e4is&hellip;\n","protected":false},"author":2,"featured_media":268026,"comment_status":"","ping_status":"","sticky":false,"template":"","format":"standard","meta":{"footnotes":"","_share_on_mastodon":"0"},"categories":[91],"tags":[240,37,33,35,173,34,36,241,140],"class_list":["post-268025","post","type-post","status-publish","format-standard","has-post-thumbnail","category-kuulsused","tag-celebrities","tag-ee","tag-eesti","tag-eesti-keel","tag-entertainment","tag-estonia","tag-estonian","tag-kuulsused","tag-meelelahutus"],"share_on_mastodon":{"url":"https:\/\/pubeurope.com\/@ee\/117209621189325776","error":""},"_links":{"self":[{"href":"https:\/\/www.europesays.com\/ee\/wp-json\/wp\/v2\/posts\/268025","targetHints":{"allow":["GET"]}}],"collection":[{"href":"https:\/\/www.europesays.com\/ee\/wp-json\/wp\/v2\/posts"}],"about":[{"href":"https:\/\/www.europesays.com\/ee\/wp-json\/wp\/v2\/types\/post"}],"author":[{"embeddable":true,"href":"https:\/\/www.europesays.com\/ee\/wp-json\/wp\/v2\/users\/2"}],"replies":[{"embeddable":true,"href":"https:\/\/www.europesays.com\/ee\/wp-json\/wp\/v2\/comments?post=268025"}],"version-history":[{"count":0,"href":"https:\/\/www.europesays.com\/ee\/wp-json\/wp\/v2\/posts\/268025\/revisions"}],"wp:featuredmedia":[{"embeddable":true,"href":"https:\/\/www.europesays.com\/ee\/wp-json\/wp\/v2\/media\/268026"}],"wp:attachment":[{"href":"https:\/\/www.europesays.com\/ee\/wp-json\/wp\/v2\/media?parent=268025"}],"wp:term":[{"taxonomy":"category","embeddable":true,"href":"https:\/\/www.europesays.com\/ee\/wp-json\/wp\/v2\/categories?post=268025"},{"taxonomy":"post_tag","embeddable":true,"href":"https:\/\/www.europesays.com\/ee\/wp-json\/wp\/v2\/tags?post=268025"}],"curies":[{"name":"wp","href":"https:\/\/api.w.org\/{rel}","templated":true}]}}