{"id":268027,"date":"2026-09-03T23:12:15","date_gmt":"2026-09-03T23:12:15","guid":{"rendered":"https:\/\/www.europesays.com\/ee\/268027\/"},"modified":"2026-09-03T23:12:15","modified_gmt":"2026-09-03T23:12:15","slug":"ametlik-arteta-plaanidest-valja-jaetud-rundaja-maandus-inzaghi-kae-all-saudi-araabias-soccernet-ee","status":"publish","type":"post","link":"https:\/\/www.europesays.com\/ee\/268027\/","title":{"rendered":"Ametlik: Arteta plaanidest v\u00e4lja j\u00e4etud r\u00fcndaja maandus Inzaghi k\u00e4e all Saudi Araabias &#8211; Soccernet.ee"},"content":{"rendered":"<p><img decoding=\"async\" src=\"https:\/\/www.europesays.com\/ee\/wp-content\/uploads\/2026\/09\/1788477135_496_1788171663.jpg\" alt=\"Gabriel Martinelli j\u00e4tkab karj\u00e4\u00e4ri kaugel maal. Foto: Scanpix \/ Bradley Collyer \/ PA Images \/ Alamy\"\/>&#13;\n<\/p>\n<p>Arsenaliga eelmisel hooajal Inglismaa meistriks kroonitud r\u00fcndaja Gabriel Martinelli liitus Saudi Araabia k\u00f5rgliigaklubi Al-Hilaliga, Londoni klubi teenib \u00fcleminekult 60 miljonit naela.<\/p>\n<p>Seitse aastat Arsenali ridades veetnud brasiillase j\u00e4rgmisest \u00fcleminekust j\u00f5uab samuti protsent Inglismaa klubi kontole, vahendab BBC. 25-aastane Martinelli l\u00f5i saudidega k\u00e4ed neljaks aastaks. Al-Hilal jagab praegu liigatabelis esikohta Al-Nassriga, kus m\u00e4ngib ka Cristiano Ronaldo. Martinelli uuteks klubikaaslasteks saavad teiste seas Ollie Watkins, Kalidou Koulibaly, Ruben Neves, Theo Hernandez, Sergej Milinkovic-Savic, Crysencio Summerville ja Yassine Bonou. Meeskonda juhendab treenerina Interi Itaalia meistriks ja kahel korral Meistrite liiga finaali vedanud Simone Inzaghi.&#13;\n<\/p>\n<p>Arsenali j\u00f5udis Martinelli 2019. aastal kodumaalt Ituano ridadest ning tema leping meeskonnaga oleks kehtinud veel \u00fche aasta, kuid peatreener Mikel Arteta andis brasiillasele teada, et ei arvesta uuel hooajal enam tema teenetega. BBC andmetel hakkab Martinelli teenima Arsenalis saadud 180 000 naela suurusest n\u00e4dalapalgast &#8220;m\u00e4rkimisv\u00e4\u00e4rselt rohkem&#8221;.&#13;\n<\/p>\n<p>Viimasel hooajal j\u00e4i Martinelli arvele k\u00f5igis sarjades 53 kohtumist ja 11 v\u00e4ravat. Arsenal v\u00f5itis p\u00e4rast 2004. aastat esmakordselt Inglismaa meistritiitli ja j\u00f5udis ka Meistrite liiga finaali, kuid kaotas seal penaltiseerias Pariisi Saint-Germainile. Normaalaja l\u00f5pus vahetusest sekkunud Martinelli oli \u00fcks viiest Arsenali penaltil\u00f6\u00f6jast ja saatis palli v\u00f5rku, aga Eberechi Eze ja Gabrieli eksimused andsid karika PSG-le.<\/p>\n<blockquote class=\"twitter-tweet\"><p>&#13;<\/p>\n<p lang=\"en\" dir=\"ltr\">He chose Blue \ud83d\udc99 <a href=\"https:\/\/t.co\/DqGwvrCipX\" rel=\"nofollow\">pic.twitter.com\/DqGwvrCipX<\/a>&#13;<br \/>\n\u2014 AlHilal Saudi Club (@Alhilal_EN) <a href=\"https:\/\/x.com\/Alhilal_EN\/status\/2095550043784724741?ref_src=twsrc%5Etfw\" rel=\"nofollow\">September 3, 2026<\/a><\/p>\n<\/blockquote>\n<p>          <script async src=\"https:\/\/platform.twitter.com\/widgets.js\" charset=\"utf-8\"><\/script><\/p>\n","protected":false},"excerpt":{"rendered":"&#13; Arsenaliga eelmisel hooajal Inglismaa meistriks kroonitud r\u00fcndaja Gabriel Martinelli liitus Saudi Araabia k\u00f5rgliigaklubi Al-Hilaliga, Londoni klubi teenib&hellip;\n","protected":false},"author":2,"featured_media":268028,"comment_status":"","ping_status":"","sticky":false,"template":"","format":"standard","meta":{"footnotes":"","_share_on_mastodon":"0"},"categories":[18],"tags":[48012,1610,37,33,35,34,36,1889,1101,40723,808,1228,159,158],"class_list":["post-268027","post","type-post","status-publish","format-standard","has-post-thumbnail","category-sport","tag-al-hilal","tag-arsenal","tag-ee","tag-eesti","tag-eesti-keel","tag-estonia","tag-estonian","tag-gabriel-martinelli","tag-inglismaa","tag-martinelli","tag-premier-league","tag-saudi-araabia","tag-sport","tag-sports"],"share_on_mastodon":{"url":"https:\/\/pubeurope.com\/@ee\/117209645135564601","error":""},"_links":{"self":[{"href":"https:\/\/www.europesays.com\/ee\/wp-json\/wp\/v2\/posts\/268027","targetHints":{"allow":["GET"]}}],"collection":[{"href":"https:\/\/www.europesays.com\/ee\/wp-json\/wp\/v2\/posts"}],"about":[{"href":"https:\/\/www.europesays.com\/ee\/wp-json\/wp\/v2\/types\/post"}],"author":[{"embeddable":true,"href":"https:\/\/www.europesays.com\/ee\/wp-json\/wp\/v2\/users\/2"}],"replies":[{"embeddable":true,"href":"https:\/\/www.europesays.com\/ee\/wp-json\/wp\/v2\/comments?post=268027"}],"version-history":[{"count":0,"href":"https:\/\/www.europesays.com\/ee\/wp-json\/wp\/v2\/posts\/268027\/revisions"}],"wp:featuredmedia":[{"embeddable":true,"href":"https:\/\/www.europesays.com\/ee\/wp-json\/wp\/v2\/media\/268028"}],"wp:attachment":[{"href":"https:\/\/www.europesays.com\/ee\/wp-json\/wp\/v2\/media?parent=268027"}],"wp:term":[{"taxonomy":"category","embeddable":true,"href":"https:\/\/www.europesays.com\/ee\/wp-json\/wp\/v2\/categories?post=268027"},{"taxonomy":"post_tag","embeddable":true,"href":"https:\/\/www.europesays.com\/ee\/wp-json\/wp\/v2\/tags?post=268027"}],"curies":[{"name":"wp","href":"https:\/\/api.w.org\/{rel}","templated":true}]}}