{"id":268035,"date":"2026-09-03T23:48:11","date_gmt":"2026-09-03T23:48:11","guid":{"rendered":"https:\/\/www.europesays.com\/ee\/268035\/"},"modified":"2026-09-03T23:48:11","modified_gmt":"2026-09-03T23:48:11","slug":"soomest-kolib-eestisse-kull-panda-sokolaaditootmine-kuid-orkla-viib-siit-rosinad-sokolaadis-2","status":"publish","type":"post","link":"https:\/\/www.europesays.com\/ee\/268035\/","title":{"rendered":"Soomest kolib Eestisse k\u00fcll Panda \u0161okolaaditootmine, kuid Orkla viib siit rosinad \u0161okolaadis"},"content":{"rendered":"<p>Hiljuti selgus, et maiustustetootja Panda kolib oma \u0161okolaaditootmise Jyv\u00e4skyl\u00e4s asuvast Vaajakoskist Eestisse. Vaajakoski maiustustetehas plaanib tulevikus spetsialiseeruda lagritsa ja dra\u017eeetoodete tootmisele. <a rel=\"noopener nofollow\" target=\"_blank\" href=\"https:\/\/www.delfi.ee\/teema\/96923313\/orkla\" tag-id=\"96923313\">Orkla<\/a> teatas augustis, et viib dra\u017eeede tootmise Eestist Soome.<\/p>\n<p>\u201ePraegu teame, et \u0161okolaadirosinate tootmine viiakse Eestist \u00fcle Vaajakoski maiustustetehasesse,\u201c \u00fctles Orkla Soome tegevjuht Jutta Karppi. Selles etapis ei v\u00f5ta Karppi kindlat seisukohta, milliseid dra\u017eeetooteid l\u00e4hiaastatel Vaajakoskis Eesti asemel v\u00f5i lisaks Eestile tootma hakatakse.<\/p>\n<p>Kavandatavatest \u0161okolaaditootmise muudatustest tingitud muudatusl\u00e4bir\u00e4\u00e4kimised algavad Vaajakoski tehases t\u00e4na. Muudatusl\u00e4bir\u00e4\u00e4kimistesse on kaasatud k\u00f5ik Vaajakoski tehase 146 t\u00f6\u00f6tajat. Kavandatud tootmismuudatused on plaanis ellu viia aastatel 2027\u20132030.<\/p>\n<p>Karppi s\u00f5nul kestavad muudatusl\u00e4bir\u00e4\u00e4kimised v\u00e4hemalt kolm n\u00e4dalat. <\/p>\n<p>Kuidas see lugu Sind end tundma pani?Saada<a href=\"https:\/\/arileht.delfi.ee\/a\/120607740\/soomest-kolib-eestisse-kull-panda-sokolaaditootmine-kuid-orkla-eesti-haru-annab-midagi-ka-vastu\/kommentaarid\" class=\"button button--primary button--size-auto article-body-bottom__comment article-body-bottom__comment--write\" style=\"\" rel=\"nofollow noopener\" target=\"_blank\">Kommenteeri<\/a><a href=\"https:\/\/arileht.delfi.ee\/a\/120607740\/soomest-kolib-eestisse-kull-panda-sokolaaditootmine-kuid-orkla-eesti-haru-annab-midagi-ka-vastu\/kommentaarid\" class=\"button button--size-auto article-body-bottom__comment article-body-bottom__comment--read\" style=\"\" rel=\"nofollow noopener\" target=\"_blank\">Loe kommentaare (14)<\/a><\/p>\n","protected":false},"excerpt":{"rendered":"Hiljuti selgus, et maiustustetootja Panda kolib oma \u0161okolaaditootmise Jyv\u00e4skyl\u00e4s asuvast Vaajakoskist Eestisse. Vaajakoski maiustustetehas plaanib tulevikus spetsialiseeruda lagritsa&hellip;\n","protected":false},"author":2,"featured_media":268036,"comment_status":"","ping_status":"","sticky":false,"template":"","format":"standard","meta":{"footnotes":"","_share_on_mastodon":"0"},"categories":[14],"tags":[131,130,37,33,35,34,36,83658,36145],"class_list":["post-268035","post","type-post","status-publish","format-standard","has-post-thumbnail","category-ari","tag-ari","tag-business","tag-ee","tag-eesti","tag-eesti-keel","tag-estonia","tag-estonian","tag-jyvaskyla","tag-orkla"],"share_on_mastodon":{"url":"https:\/\/pubeurope.com\/@ee\/117209786433766983","error":""},"_links":{"self":[{"href":"https:\/\/www.europesays.com\/ee\/wp-json\/wp\/v2\/posts\/268035","targetHints":{"allow":["GET"]}}],"collection":[{"href":"https:\/\/www.europesays.com\/ee\/wp-json\/wp\/v2\/posts"}],"about":[{"href":"https:\/\/www.europesays.com\/ee\/wp-json\/wp\/v2\/types\/post"}],"author":[{"embeddable":true,"href":"https:\/\/www.europesays.com\/ee\/wp-json\/wp\/v2\/users\/2"}],"replies":[{"embeddable":true,"href":"https:\/\/www.europesays.com\/ee\/wp-json\/wp\/v2\/comments?post=268035"}],"version-history":[{"count":0,"href":"https:\/\/www.europesays.com\/ee\/wp-json\/wp\/v2\/posts\/268035\/revisions"}],"wp:featuredmedia":[{"embeddable":true,"href":"https:\/\/www.europesays.com\/ee\/wp-json\/wp\/v2\/media\/268036"}],"wp:attachment":[{"href":"https:\/\/www.europesays.com\/ee\/wp-json\/wp\/v2\/media?parent=268035"}],"wp:term":[{"taxonomy":"category","embeddable":true,"href":"https:\/\/www.europesays.com\/ee\/wp-json\/wp\/v2\/categories?post=268035"},{"taxonomy":"post_tag","embeddable":true,"href":"https:\/\/www.europesays.com\/ee\/wp-json\/wp\/v2\/tags?post=268035"}],"curies":[{"name":"wp","href":"https:\/\/api.w.org\/{rel}","templated":true}]}}