{"id":268037,"date":"2026-09-04T00:13:09","date_gmt":"2026-09-04T00:13:09","guid":{"rendered":"https:\/\/www.europesays.com\/ee\/268037\/"},"modified":"2026-09-04T00:13:09","modified_gmt":"2026-09-04T00:13:09","slug":"vene-runnakutes-dniprole-ja-kiievile-sai-surma-kaks-ja-viga-27-inimest","status":"publish","type":"post","link":"https:\/\/www.europesays.com\/ee\/268037\/","title":{"rendered":"Vene r\u00fcnnakutes Dniprole ja Kiievile sai surma kaks ja viga 27 inimest"},"content":{"rendered":"<p>Vene s\u00f5jav\u00e4e neljap\u00e4evastes r\u00fcnnakutes Dniprole ja pealinnale Kiievile ning neid \u00fcmbritsevatele piirkondadele sai surma kaks ja vigastada v\u00e4hemalt 27 inimest, teatasid hilis\u00f5htul uudistekanalid Ukrinform ja Kyiv Independent.<\/p>\n<p>Venemaa v\u00e4ed r\u00fcndasid Dniprot ja nelja Dnipropetrovski oblastit enam kui 20 korda, mille tagaj\u00e4rjel hukkus \u00fcks ja sai vigastada 14 inimest.<\/p>\n","protected":false},"excerpt":{"rendered":"Vene s\u00f5jav\u00e4e neljap\u00e4evastes r\u00fcnnakutes Dniprole ja pealinnale Kiievile ning neid \u00fcmbritsevatele piirkondadele sai surma kaks ja vigastada v\u00e4hemalt&hellip;\n","protected":false},"author":2,"featured_media":268038,"comment_status":"","ping_status":"","sticky":false,"template":"","format":"standard","meta":{"footnotes":"","_share_on_mastodon":"0"},"categories":[5],"tags":[71,26,27,37,33,35,34,36,31,32,21,668,381,1000,28,29,672,19,676,999,25,159,23,24,22,20,30],"class_list":["post-268037","post","type-post","status-publish","format-standard","has-post-thumbnail","category-uldised-uudised","tag-arvamus","tag-breaking-news","tag-breakingnews","tag-ee","tag-eesti","tag-eesti-keel","tag-estonia","tag-estonian","tag-featured-news","tag-featurednews","tag-headlines","tag-ilm","tag-internet","tag-krimi","tag-latest-news","tag-latestnews","tag-majandus","tag-news","tag-pank","tag-poliitika","tag-populaarseimad-lood","tag-sport","tag-top-stories","tag-topstories","tag-uldised-uudised","tag-uudised","tag-viimased-uudised"],"share_on_mastodon":{"url":"https:\/\/pubeurope.com\/@ee\/117209884512187806","error":""},"_links":{"self":[{"href":"https:\/\/www.europesays.com\/ee\/wp-json\/wp\/v2\/posts\/268037","targetHints":{"allow":["GET"]}}],"collection":[{"href":"https:\/\/www.europesays.com\/ee\/wp-json\/wp\/v2\/posts"}],"about":[{"href":"https:\/\/www.europesays.com\/ee\/wp-json\/wp\/v2\/types\/post"}],"author":[{"embeddable":true,"href":"https:\/\/www.europesays.com\/ee\/wp-json\/wp\/v2\/users\/2"}],"replies":[{"embeddable":true,"href":"https:\/\/www.europesays.com\/ee\/wp-json\/wp\/v2\/comments?post=268037"}],"version-history":[{"count":0,"href":"https:\/\/www.europesays.com\/ee\/wp-json\/wp\/v2\/posts\/268037\/revisions"}],"wp:featuredmedia":[{"embeddable":true,"href":"https:\/\/www.europesays.com\/ee\/wp-json\/wp\/v2\/media\/268038"}],"wp:attachment":[{"href":"https:\/\/www.europesays.com\/ee\/wp-json\/wp\/v2\/media?parent=268037"}],"wp:term":[{"taxonomy":"category","embeddable":true,"href":"https:\/\/www.europesays.com\/ee\/wp-json\/wp\/v2\/categories?post=268037"},{"taxonomy":"post_tag","embeddable":true,"href":"https:\/\/www.europesays.com\/ee\/wp-json\/wp\/v2\/tags?post=268037"}],"curies":[{"name":"wp","href":"https:\/\/api.w.org\/{rel}","templated":true}]}}