{"id":268053,"date":"2026-09-04T02:46:08","date_gmt":"2026-09-04T02:46:08","guid":{"rendered":"https:\/\/www.europesays.com\/ee\/268053\/"},"modified":"2026-09-04T02:46:08","modified_gmt":"2026-09-04T02:46:08","slug":"kadorov-raakis-voimalusest-vallutada-mitmeid-euroopa-riike","status":"publish","type":"post","link":"https:\/\/www.europesays.com\/ee\/268053\/","title":{"rendered":"Kad\u00f5rov r\u00e4\u00e4kis v\u00f5imalusest vallutada mitmeid Euroopa riike"},"content":{"rendered":"<p>T\u0161et\u0161eenia juht Ramzan Kad\u00f5rov paistis silma j\u00e4rjekordse fantaasiaga Venemaa armee v\u00f5imete kohta, teatas peamiselt Euroopas ja T\u00fcrgis baseeruva t\u0161et\u0161eeni opositsiooniliikumise Niiso kanal suhtlusv\u00f5rgustikus Telegram.<\/p>\n<p>Ukrainlaste uudisteagentuuri Unian vahendatud kanali andmetel \u00fctles Kad\u00f5rov, et Vene v\u00e4ed on v\u00e4idetavalt v\u00f5imelised vallutama Poola ning seej\u00e4rel j\u00e4tkama pealetungi Prantsusmaa ja Saksamaa suunas.<\/p>\n","protected":false},"excerpt":{"rendered":"T\u0161et\u0161eenia juht Ramzan Kad\u00f5rov paistis silma j\u00e4rjekordse fantaasiaga Venemaa armee v\u00f5imete kohta, teatas peamiselt Euroopas ja T\u00fcrgis baseeruva&hellip;\n","protected":false},"author":2,"featured_media":268054,"comment_status":"","ping_status":"","sticky":false,"template":"","format":"standard","meta":{"footnotes":"","_share_on_mastodon":"0"},"categories":[80],"tags":[71,26,27,37,33,35,34,36,31,32,21,668,381,1000,28,29,95,672,19,676,999,25,159,23,24,22,20,30,92,93,94],"class_list":["post-268053","post","type-post","status-publish","format-standard","has-post-thumbnail","category-maailm","tag-arvamus","tag-breaking-news","tag-breakingnews","tag-ee","tag-eesti","tag-eesti-keel","tag-estonia","tag-estonian","tag-featured-news","tag-featurednews","tag-headlines","tag-ilm","tag-internet","tag-krimi","tag-latest-news","tag-latestnews","tag-maailm","tag-majandus","tag-news","tag-pank","tag-poliitika","tag-populaarseimad-lood","tag-sport","tag-top-stories","tag-topstories","tag-uldised-uudised","tag-uudised","tag-viimased-uudised","tag-world","tag-world-news","tag-worldnews"],"share_on_mastodon":{"url":"https:\/\/pubeurope.com\/@ee\/117210486184909524","error":""},"_links":{"self":[{"href":"https:\/\/www.europesays.com\/ee\/wp-json\/wp\/v2\/posts\/268053","targetHints":{"allow":["GET"]}}],"collection":[{"href":"https:\/\/www.europesays.com\/ee\/wp-json\/wp\/v2\/posts"}],"about":[{"href":"https:\/\/www.europesays.com\/ee\/wp-json\/wp\/v2\/types\/post"}],"author":[{"embeddable":true,"href":"https:\/\/www.europesays.com\/ee\/wp-json\/wp\/v2\/users\/2"}],"replies":[{"embeddable":true,"href":"https:\/\/www.europesays.com\/ee\/wp-json\/wp\/v2\/comments?post=268053"}],"version-history":[{"count":0,"href":"https:\/\/www.europesays.com\/ee\/wp-json\/wp\/v2\/posts\/268053\/revisions"}],"wp:featuredmedia":[{"embeddable":true,"href":"https:\/\/www.europesays.com\/ee\/wp-json\/wp\/v2\/media\/268054"}],"wp:attachment":[{"href":"https:\/\/www.europesays.com\/ee\/wp-json\/wp\/v2\/media?parent=268053"}],"wp:term":[{"taxonomy":"category","embeddable":true,"href":"https:\/\/www.europesays.com\/ee\/wp-json\/wp\/v2\/categories?post=268053"},{"taxonomy":"post_tag","embeddable":true,"href":"https:\/\/www.europesays.com\/ee\/wp-json\/wp\/v2\/tags?post=268053"}],"curies":[{"name":"wp","href":"https:\/\/api.w.org\/{rel}","templated":true}]}}