{"id":268057,"date":"2026-09-04T03:30:11","date_gmt":"2026-09-04T03:30:11","guid":{"rendered":"https:\/\/www.europesays.com\/ee\/268057\/"},"modified":"2026-09-04T03:30:11","modified_gmt":"2026-09-04T03:30:11","slug":"ukraina-korraldas-mitu-runnakulainet-sotsi-vastu-valismaa","status":"publish","type":"post","link":"https:\/\/www.europesays.com\/ee\/268057\/","title":{"rendered":"Ukraina korraldas mitu r\u00fcnnakulainet Sot\u0161i vastu | V\u00e4lismaa"},"content":{"rendered":"<p>V\u00e4ljaanne The Kyiv Independent vahendab, et Ukraina relvaj\u00f5ud korraldasid \u00f6\u00f6l vastu reedet mitu r\u00fcnnakulainet Venemaal asuva Sot\u0161i linna vastu. Saksamaa alustas Ukrainale 5000 kaugmaadrooni tootmist.<\/p>\n<p>Oluline Venemaa-Ukraina s\u00f5jas reedel, 4. septembril kell 5.40:<\/p>\n<p>&#8211; Ukraina korraldas mitu r\u00fcnnakulainet Sot\u0161i vastu;<\/p>\n<p>&#8211; Saksamaa alustas Ukrainale 5000 kaugmaadrooni tootmist.<\/p>\n<p>Ukraina korraldas mitu r\u00fcnnakulainet Sot\u0161i vastu<\/p>\n<p>V\u00e4ljaanne The Kyiv Independent vahendab, et Ukraina relvaj\u00f5ud korraldasid \u00f6\u00f6l vastu reedet mitu r\u00fcnnakulainet Venemaal asuva Sot\u0161i linna vastu.<\/p>\n<p>Sotsiaalmeedias levivad videol\u00f5igud, mis n\u00e4itavad, et Ukraina r\u00fcndas Vene laeva Nefrit. Ukraina merev\u00e4e teatel teenindas laev Venemaa nafta- ja gaasit\u00f6\u00f6stust.\u00a0<\/p>\n<p>Hiljem teatasid sotsiaalmeediakanalid, et Ukraina r\u00fcnnaku tagaj\u00e4rjel s\u00fcttis piirkonnas asuv naftahoidla. Kohalike teadete kohaselt lahvatas naftabaasi p\u00f5leng Sot\u0161i kesklinnas asuva sadama l\u00e4hedal.\u00a0<\/p>\n<p>Samuti levisid teated plahvatusest Vene Pantsiri \u00f5hut\u00f5rjes\u00fcsteemi l\u00e4heduses, kuid pole selge, kas s\u00fcsteem sai kahjustada.<\/p>\n<p>Sot\u0161i on Ukraina jaoks oluline sihtm\u00e4rk, kuna tegemist on Venemaa eliidi jaoks t\u00e4htsa kuurortlinnaga, kus asub ka Putini suveresidents. Linn paikneb Ukraina piirist umbes 650 kilomeetri kaugusel.<\/p>\n<p>Saksamaa alustas Ukrainale 5000 kaugmaadrooni tootmist<\/p>\n<p>Saksamaa ja Ukraina \u00fchisettev\u00f5tte kaudu algas ametlikult enam kui 5000 kesk- ja kaugmaadrooni tootmine Ukrainale, teatas neljap\u00e4eval Saksa uudistev\u00e4ljaanne Handelsblatt.<\/p>\n<p>V\u00e4ljaande andmetel viiakse 300 miljoni euro suurune tehing l\u00f5pule 2027. aasta keskpaigaks. \u00dchisettev\u00f5te loodi Saksa-Ameerika kaitseettev\u00f5tte Auterion ja Ukraina droonitootja Airlogix vahel 2026. aasta veebruaris M\u00fcncheni julgeolekukonverentsil.<\/p>\n<p>Auterion hakkab vastutama droonide tarkvara ja operatsioonis\u00fcsteemide eest ja Airlogix toodab f\u00fc\u00fcsilised komponendid. V\u00e4idetavalt kasutavad droonid ka tehisintellektis\u00fcsteeme, et seista vastu Venemaa \u00f5hut\u00f5rje elektroonilise segamise katsetele.<\/p>\n<p>&#8220;Saksamaal on n\u00fc\u00fcd taskukohaste t\u00e4ppisrelvade suurtes kogustes tootmisliin,&#8221; \u00fctles Auterioni tegevjuht Lorenz Meier v\u00e4ljaandele Handelsblatt.<\/p>\n<p>&#8220;Me tarnime proovitud ja testitud s\u00fcsteeme juba sel aastal \u2013 kulude ja tootmiskiirusega, mis muudavad heidutuseks vajalike suurte varude loomise reaalselt v\u00f5imalikuks,&#8221; lisas Meier.<\/p>\n<p>Tootma hakatakse kahte droonimudelit, millest \u00fchte keskmaa lendudeks ja teist tegevusraadiusega kuni 1500 kilomeetrit.<\/p>\n<p>&#8220;See partnerlus \u00fchendab selle, mida kumbki ettev\u00f5te \u00fcksi ei suudaks saavutada: meie lahingus j\u00e4releproovitud raketid, Auterioni autonoomse tarkvara ja Saksamaa t\u00f6\u00f6stusliku v\u00f5imekuse,&#8221; \u00fctles Airlogixi tegevjuht Vitali Kolesnit\u0161enko v\u00e4ljaandele Handelsblatt.<\/p>\n<p>Viimase aasta jooksul on Saksamaast saanud \u00fcks peamisi abiandjaid Kiievile ja juhtiv partner Ukraina kasvavas kaitsetehnoloogiat\u00f6\u00f6stuses.<\/p>\n<p>Mais k\u00e4ivitasid Berliin ja Kiiev \u00fchisalgatuse nimega Brave Germany, et edendada kaitsetehnoloogiaid ja toetada innovaatilisi idufirmasid. Ukraina kaitsetehnoloogia platvormi Brave1 toel pakub projekt toetusi kaitsevaldkonnas tegutsevatele Ukraina ja Saksamaa ettev\u00f5tetele.<\/p>\n<p>Airlogixi ja Auterioni teadaanne tuli ajal, mil Ukraina kasutab \u00fcha enam kaugmaadroone, et r\u00fcnnata Venemaa s\u00f5jalist ja energiataristut kaugel rindejoone taga.<\/p>\n<p>President Volod\u00f5m\u00f5r Zelenski \u00fctles m\u00f6\u00f6dunud kuu l\u00f5pus, et Ukraina peaks oluliselt suurendama Venemaa-vastaste kaugmaadroonide r\u00fcnnakute sagedust ja seadis eesm\u00e4rgiks saata teele 1000 sellist drooni p\u00e4evas.<\/p>\n","protected":false},"excerpt":{"rendered":"V\u00e4ljaanne The Kyiv Independent vahendab, et Ukraina relvaj\u00f5ud korraldasid \u00f6\u00f6l vastu reedet mitu r\u00fcnnakulainet Venemaal asuva Sot\u0161i linna&hellip;\n","protected":false},"author":2,"featured_media":268058,"comment_status":"","ping_status":"","sticky":false,"template":"","format":"standard","meta":{"footnotes":"","_share_on_mastodon":"0"},"categories":[80],"tags":[26,27,37,33,35,34,36,31,32,21,28,29,95,19,25,1049,23,24,262,22,20,96,30,92,93,94],"class_list":["post-268057","post","type-post","status-publish","format-standard","has-post-thumbnail","category-maailm","tag-breaking-news","tag-breakingnews","tag-ee","tag-eesti","tag-eesti-keel","tag-estonia","tag-estonian","tag-featured-news","tag-featurednews","tag-headlines","tag-latest-news","tag-latestnews","tag-maailm","tag-news","tag-populaarseimad-lood","tag-soda","tag-top-stories","tag-topstories","tag-ukraina","tag-uldised-uudised","tag-uudised","tag-venemaa","tag-viimased-uudised","tag-world","tag-world-news","tag-worldnews"],"share_on_mastodon":{"url":"https:\/\/pubeurope.com\/@ee\/117210659131256101","error":""},"_links":{"self":[{"href":"https:\/\/www.europesays.com\/ee\/wp-json\/wp\/v2\/posts\/268057","targetHints":{"allow":["GET"]}}],"collection":[{"href":"https:\/\/www.europesays.com\/ee\/wp-json\/wp\/v2\/posts"}],"about":[{"href":"https:\/\/www.europesays.com\/ee\/wp-json\/wp\/v2\/types\/post"}],"author":[{"embeddable":true,"href":"https:\/\/www.europesays.com\/ee\/wp-json\/wp\/v2\/users\/2"}],"replies":[{"embeddable":true,"href":"https:\/\/www.europesays.com\/ee\/wp-json\/wp\/v2\/comments?post=268057"}],"version-history":[{"count":0,"href":"https:\/\/www.europesays.com\/ee\/wp-json\/wp\/v2\/posts\/268057\/revisions"}],"wp:featuredmedia":[{"embeddable":true,"href":"https:\/\/www.europesays.com\/ee\/wp-json\/wp\/v2\/media\/268058"}],"wp:attachment":[{"href":"https:\/\/www.europesays.com\/ee\/wp-json\/wp\/v2\/media?parent=268057"}],"wp:term":[{"taxonomy":"category","embeddable":true,"href":"https:\/\/www.europesays.com\/ee\/wp-json\/wp\/v2\/categories?post=268057"},{"taxonomy":"post_tag","embeddable":true,"href":"https:\/\/www.europesays.com\/ee\/wp-json\/wp\/v2\/tags?post=268057"}],"curies":[{"name":"wp","href":"https:\/\/api.w.org\/{rel}","templated":true}]}}