{"id":268061,"date":"2026-09-04T03:44:14","date_gmt":"2026-09-04T03:44:14","guid":{"rendered":"https:\/\/www.europesays.com\/ee\/268061\/"},"modified":"2026-09-04T03:44:14","modified_gmt":"2026-09-04T03:44:14","slug":"vance-hormuzi-naftavoog-on-peaaegu-sojaeelsel-tasemel-valismaa","status":"publish","type":"post","link":"https:\/\/www.europesays.com\/ee\/268061\/","title":{"rendered":"Vance: Hormuzi naftavoog on peaaegu s\u00f5jaeelsel tasemel | V\u00e4lismaa"},"content":{"rendered":"<p>USA asepresident JD Vance \u00fctles neljap\u00e4eval, et naftavoog l\u00e4bi Hormuzi v\u00e4ina on peaaegu taastunud Iraani s\u00f5ja eelsele tasemele. Asepresidendi hinnangul on Teherani kontroll veetee \u00fcle sisuliselt kadunud.<\/p>\n<p>&#8220;Kui vaadata kolm kuud tagasi, siis kui palju naftat ja gaasi l\u00e4bis v\u00e4ina Iraani \u00e4hvarduste all? Praktiliselt mitte midagi. N\u00fc\u00fcd on olukord peaaegu tagasi samal tasemel, kus see oli enne konflikti algust,&#8221; \u00fctles Vance Valge Maja pressikonverentsil.<\/p>\n<p>Vance kinnitas samuti, et \u00dchendriigid uurivad v\u00e4idetavat r\u00fcnnakut pulmale, milles Teherani v\u00e4itel hukkus neli inimest, kuid seadis Iraani teated vahejuhtumi kohta kahtluse alla.<\/p>\n<p>&#8220;Ma tean, et me uurime seda,&#8221; \u00fctles Vance Valge Maja pressikonverentsil.<\/p>\n<p>&#8220;V\u00f5in siiski \u00f6elda, et Iraani riigimeedia ei ole seni konflikti k\u00e4igus toimunu osas kuigi hea kajastaja olnud. Seega olen ma selle osas \u00e4\u00e4rmiselt skeptiline,&#8221; lisas asepresident.<\/p>\n<p>USA president Donald Trump \u00fctles p\u00e4ev varem, et \u00dchendriigid on valmis Iraani uuesti r\u00fcndama p\u00e4rast seda, kui \u00fcle riigi asuvate objektide ulatuslik pommitamine n\u00f5udis v\u00e4hemalt 19 iraanlase elu.<\/p>\n<p>&#8220;Me lasime eile \u00f5htul \u00f5hku palju enamat, kui ainult nende radari. See oli eile \u00f5htul v\u00e4ga tugev \u00f5hur\u00fcnnak ja me oleme valmis sooritama uue r\u00fcnnaku igal ajal, kui vaid soovime,&#8221; \u00fctles Trump.<\/p>\n<p>Trump hindas neljap\u00e4eval uudisteportaalile GB News antud usutluses, et Iraani r\u00fcndamine oli igati \u00f5ige.<\/p>\n<p>&#8220;Ma tegin k\u00f5ik \u00f5igesti,&#8221; kinnitas Trump intervjuus.<\/p>\n<p>Trumpi s\u00f5nul oli operatsioon m\u00f6\u00f6dap\u00e4\u00e4smatu tagamaks, et Teheranil ei oleks kunagi tuumarelva.<\/p>\n","protected":false},"excerpt":{"rendered":"USA asepresident JD Vance \u00fctles neljap\u00e4eval, et naftavoog l\u00e4bi Hormuzi v\u00e4ina on peaaegu taastunud Iraani s\u00f5ja eelsele tasemele.&hellip;\n","protected":false},"author":2,"featured_media":268062,"comment_status":"","ping_status":"","sticky":false,"template":"","format":"standard","meta":{"footnotes":"","_share_on_mastodon":"0"},"categories":[5],"tags":[26,27,324,37,33,35,34,36,31,32,21,1925,4652,28,29,19,25,1049,23,24,22,325,20,30],"class_list":["post-268061","post","type-post","status-publish","format-standard","has-post-thumbnail","category-uldised-uudised","tag-breaking-news","tag-breakingnews","tag-donald-trump","tag-ee","tag-eesti","tag-eesti-keel","tag-estonia","tag-estonian","tag-featured-news","tag-featurednews","tag-headlines","tag-iraan","tag-jd-vance","tag-latest-news","tag-latestnews","tag-news","tag-populaarseimad-lood","tag-soda","tag-top-stories","tag-topstories","tag-uldised-uudised","tag-usa","tag-uudised","tag-viimased-uudised"],"share_on_mastodon":{"url":"https:\/\/pubeurope.com\/@ee\/117210714362209788","error":""},"_links":{"self":[{"href":"https:\/\/www.europesays.com\/ee\/wp-json\/wp\/v2\/posts\/268061","targetHints":{"allow":["GET"]}}],"collection":[{"href":"https:\/\/www.europesays.com\/ee\/wp-json\/wp\/v2\/posts"}],"about":[{"href":"https:\/\/www.europesays.com\/ee\/wp-json\/wp\/v2\/types\/post"}],"author":[{"embeddable":true,"href":"https:\/\/www.europesays.com\/ee\/wp-json\/wp\/v2\/users\/2"}],"replies":[{"embeddable":true,"href":"https:\/\/www.europesays.com\/ee\/wp-json\/wp\/v2\/comments?post=268061"}],"version-history":[{"count":0,"href":"https:\/\/www.europesays.com\/ee\/wp-json\/wp\/v2\/posts\/268061\/revisions"}],"wp:featuredmedia":[{"embeddable":true,"href":"https:\/\/www.europesays.com\/ee\/wp-json\/wp\/v2\/media\/268062"}],"wp:attachment":[{"href":"https:\/\/www.europesays.com\/ee\/wp-json\/wp\/v2\/media?parent=268061"}],"wp:term":[{"taxonomy":"category","embeddable":true,"href":"https:\/\/www.europesays.com\/ee\/wp-json\/wp\/v2\/categories?post=268061"},{"taxonomy":"post_tag","embeddable":true,"href":"https:\/\/www.europesays.com\/ee\/wp-json\/wp\/v2\/tags?post=268061"}],"curies":[{"name":"wp","href":"https:\/\/api.w.org\/{rel}","templated":true}]}}