{"id":268073,"date":"2026-09-04T04:26:15","date_gmt":"2026-09-04T04:26:15","guid":{"rendered":"https:\/\/www.europesays.com\/ee\/268073\/"},"modified":"2026-09-04T04:26:15","modified_gmt":"2026-09-04T04:26:15","slug":"brasiilia-valjendas-muret-el-i-otsuse-parast-peatada-liha-import-valismaa","status":"publish","type":"post","link":"https:\/\/www.europesays.com\/ee\/268073\/","title":{"rendered":"Brasiilia v\u00e4ljendas muret EL-i otsuse p\u00e4rast peatada liha import | V\u00e4lismaa"},"content":{"rendered":"<p>Brasiilia v\u00e4ljendas neljap\u00e4eval s\u00fcgavat muret Euroopa Liidu otsuse \u00fcle peatada Brasiiliast liha import.<\/p>\n<p>&#8220;Loodame, et k\u00e4imasolevad l\u00e4bir\u00e4\u00e4kimised v\u00f5imaldavad j\u00f5uda kiire, objektiivse ja l\u00e4bipaistva lahenduseni, mis on vaba protektsionistlikust survest,&#8221; seisis Brasiilia v\u00e4lis- ja p\u00f5llumajandusministeeriumi \u00fchisavalduses.<\/p>\n<p>Euroopa Liit peatas alates neljap\u00e4evast Brasiilia liha ja teiste loomsete saaduste impordi, teatas Euroopa Komisjon.<\/p>\n<p>Komisjon j\u00e4\u00e4b ootama Brasiilia kinnitust \u00fchenduse loomatervishoiu eeskirjade j\u00e4rgimise kohta.<\/p>\n<p>&#8220;Brasiilial ei ole enam luba eksportida liitu toitu tootvaid loomi ja inimtoiduks etten\u00e4htud loomse p\u00e4ritoluga tooteid. See m\u00f5jutab selliseid kaupu nagu veise- ja linnuliha, munad, mesi ja loomasooled,&#8221; seisis avalduses.<\/p>\n<p>Mais kanti Brasiilia Euroopa Liidu nimekirja riikidest, mis ei pea kinni loomadel antibiootikumide kasutamise reeglitest.<\/p>\n<p>Brasiilia on maailma suurim veiselihaeksportija. Eelmisel aastal eksportis Brasiilia Euroopa Liitu \u00fcle 100 000 tonni veiseliha, mille v\u00e4\u00e4rtus oli ligi miljard eurot, vahendas Yle.<\/p>\n","protected":false},"excerpt":{"rendered":"Brasiilia v\u00e4ljendas neljap\u00e4eval s\u00fcgavat muret Euroopa Liidu otsuse \u00fcle peatada Brasiiliast liha import. &#8220;Loodame, et k\u00e4imasolevad l\u00e4bir\u00e4\u00e4kimised v\u00f5imaldavad&hellip;\n","protected":false},"author":2,"featured_media":268074,"comment_status":"","ping_status":"","sticky":false,"template":"","format":"standard","meta":{"footnotes":"","_share_on_mastodon":"0"},"categories":[14],"tags":[131,540,130,37,33,35,34,36,590,11550],"class_list":["post-268073","post","type-post","status-publish","format-standard","has-post-thumbnail","category-ari","tag-ari","tag-brasiilia","tag-business","tag-ee","tag-eesti","tag-eesti-keel","tag-estonia","tag-estonian","tag-euroopa-liit","tag-liha"],"share_on_mastodon":{"url":"https:\/\/pubeurope.com\/@ee\/117210879288472306","error":""},"_links":{"self":[{"href":"https:\/\/www.europesays.com\/ee\/wp-json\/wp\/v2\/posts\/268073","targetHints":{"allow":["GET"]}}],"collection":[{"href":"https:\/\/www.europesays.com\/ee\/wp-json\/wp\/v2\/posts"}],"about":[{"href":"https:\/\/www.europesays.com\/ee\/wp-json\/wp\/v2\/types\/post"}],"author":[{"embeddable":true,"href":"https:\/\/www.europesays.com\/ee\/wp-json\/wp\/v2\/users\/2"}],"replies":[{"embeddable":true,"href":"https:\/\/www.europesays.com\/ee\/wp-json\/wp\/v2\/comments?post=268073"}],"version-history":[{"count":0,"href":"https:\/\/www.europesays.com\/ee\/wp-json\/wp\/v2\/posts\/268073\/revisions"}],"wp:featuredmedia":[{"embeddable":true,"href":"https:\/\/www.europesays.com\/ee\/wp-json\/wp\/v2\/media\/268074"}],"wp:attachment":[{"href":"https:\/\/www.europesays.com\/ee\/wp-json\/wp\/v2\/media?parent=268073"}],"wp:term":[{"taxonomy":"category","embeddable":true,"href":"https:\/\/www.europesays.com\/ee\/wp-json\/wp\/v2\/categories?post=268073"},{"taxonomy":"post_tag","embeddable":true,"href":"https:\/\/www.europesays.com\/ee\/wp-json\/wp\/v2\/tags?post=268073"}],"curies":[{"name":"wp","href":"https:\/\/api.w.org\/{rel}","templated":true}]}}